{"id":34685,"date":"2026-09-03T07:44:41","date_gmt":"2026-09-03T10:44:41","guid":{"rendered":"https:\/\/diariorepublica.com.ar\/web\/?p=34685"},"modified":"2026-09-03T07:44:43","modified_gmt":"2026-09-03T10:44:43","slug":"paro-en-aeropuertos-inicia-medida-de-fuerza-de-48-horas-que-podria-afectar-vuelos","status":"publish","type":"post","link":"https:\/\/diariorepublica.com.ar\/web\/index.php\/nacionales\/2026\/09\/03\/paro-en-aeropuertos-inicia-medida-de-fuerza-de-48-horas-que-podria-afectar-vuelos\/","title":{"rendered":"Paro en aeropuertos: inicia medida de fuerza de 48 horas que podr\u00eda afectar vuelos"},"content":{"rendered":"<p>La medida fue convocada por ATE, tras el fracaso de las negociaciones salariales, y contempla asambleas y el cese de tareas en dos franjas horarias durante las jornadas de hoy jueves y ma\u00f1ana viernes.<\/p>\n<article id=\"article-post\" class=\"first\">\n<div class=\"cuerpo\" data-twitter-link=\"https:\/\/twitter.com\/intent\/tweet?url=https:\/\/www.diariopopular.com.ar\/c917805&amp;via=poopulardiario&amp;related=Popular&amp;text=\">\n<p id=\"p-1788388109092-14932\"><strong>El Gobierno intim\u00f3 a ATE a garantizar la prestaci\u00f3n del 75% de los vuelos durante las jornadas de protesta previstas para este jueves y viernes\u00a0<\/strong>debido a que el Ministerio de Capital Humano considera que la actividad aeron\u00e1utica constituye un servicio esencial y reclam\u00f3 el cumplimiento de las prestaciones m\u00ednimas establecidas por la normativa vigente.<\/p>\n<\/div>\n<\/article>\n<article id=\"article-post\">\n<div class=\"cuerpo\" data-twitter-link=\"#TWEMBEDLINK#\">\n<p id=\"p-1788388109092-76240\">La medida alcanza a trabajadores de la Administraci\u00f3n Nacional de Aviaci\u00f3n Civil (ANAC) y\u00a0<strong>podr\u00eda afectar el funcionamiento de m\u00e1s de 27 terminales a\u00e9reas en distintos puntos del pa\u00eds<\/strong>. Las acciones fueron anunciadas luego de que no prosperaran las negociaciones paritarias entre el gremio y el Gobierno, y\u00a0<strong>est\u00e1n previstas para las franjas de 9:00 a 12:00 y de 18:00 a 21,00, en ambos d\u00edas.<\/strong><\/p>\n<\/div>\n<\/article>\n<article id=\"article-post\">\n<div class=\"cuerpo\" data-twitter-link=\"#TWEMBEDLINK#\">\n<p id=\"p-1788388160142-83479\"><strong>ATE hab\u00eda informado que durante esos per\u00edodos se garantizar\u00edan \u00fanicamente vuelos sanitarios y humanitarios<\/strong>, traslados de \u00f3rganos y servicios oficiales, mientras que el resto de las operaciones podr\u00eda verse alcanzado por la medida.<\/p>\n<\/div>\n<\/article>\n<article id=\"article-post\">\n<div class=\"cuerpo\" data-twitter-link=\"#TWEMBEDLINK#\">\n<p id=\"p-1788388109092-17857\">El reclamo involucra a trabajadores que cumplen funciones fundamentales para la actividad aeroportuaria, entre ellas el control terrestre, la sanidad aeron\u00e1utica, el servicio de bomberos y las tareas de fiscalizaci\u00f3n y capacitaci\u00f3n.<\/p>\n<\/div>\n<\/article>\n<article id=\"article-post\">\n<div class=\"cuerpo\" data-twitter-link=\"#TWEMBEDLINK#\">\n<p id=\"p-1788389692568-44913\">Desde el Ministerio de Capital Humano se\u00f1alaron que la exigencia se apoya en las modificaciones introducidas por la Ley de Modernizaci\u00f3n Laboral\u00a0<strong>seg\u00fan la interpretaci\u00f3n oficial, al tratarse de una actividad considerada esencial, la cobertura de los servicios m\u00ednimos \u00abno podr\u00e1 ser inferior al 75% de la prestaci\u00f3n normal del servicio\u00bb<\/strong>.<\/p>\n<p id=\"p-1788388109092-75844\"><strong>Rodolfo Aguiar, secretario general de ATE, defendi\u00f3 la decisi\u00f3n del sindicato<\/strong>\u00a0y sostuvo que las posibles demoras o cancelaciones no ser\u00e1n responsabilidad de los trabajadores.\u00a0<strong>El dirigente afirm\u00f3 que la organizaci\u00f3n comunic\u00f3 la protesta con anticipaci\u00f3n para que el Gobierno pudiera responder a los reclamos planteados<\/strong>.<\/p>\n<p id=\"p-1788388109092-27770\">Entre las demandas aparecen la actualizaci\u00f3n de los salarios seg\u00fan los aumentos acordados en \u00edtems extra paritarios, la apertura de la paritaria sectorial y un mayor financiamiento para las \u00e1reas operativas y de fiscalizaci\u00f3n.\u00a0<strong>Aguiar tambi\u00e9n denunci\u00f3 un deterioro de las condiciones laborales<\/strong>\u00a0y afirm\u00f3 que el Gobierno incumple acuerdos salariales desde enero.<\/p>\n<p id=\"p-1788388109092-89205\">El conflicto qued\u00f3 as\u00ed planteado entre la intenci\u00f3n del gremio de avanzar con las medidas de fuerza y la exigencia oficial de sostener una parte de la actividad.\u00a0<strong>Mientras ATE reclama una respuesta a sus pedidos, el Gobierno busca garantizar el funcionamiento del sistema aeron\u00e1utico durante las dos jornadas de protesta<\/strong>.<\/p>\n<\/div>\n<\/article>\n","protected":false},"excerpt":{"rendered":"<p>La medida fue convocada por ATE, tras el fracaso de las negociaciones salariales, y contempla asambleas y el cese de<\/p>\n","protected":false},"author":1,"featured_media":34686,"comment_status":"closed","ping_status":"closed","sticky":false,"template":"","format":"standard","meta":{"footnotes":"","jetpack_publicize_message":"","jetpack_publicize_feature_enabled":true,"jetpack_social_post_already_shared":true,"jetpack_social_options":{"image_generator_settings":{"template":"highway","enabled":false},"version":2}},"categories":[4],"tags":[],"class_list":["post-34685","post","type-post","status-publish","format-standard","has-post-thumbnail","hentry","category-nacionales"],"jetpack_publicize_connections":[],"_links":{"self":[{"href":"https:\/\/diariorepublica.com.ar\/web\/index.php\/wp-json\/wp\/v2\/posts\/34685"}],"collection":[{"href":"https:\/\/diariorepublica.com.ar\/web\/index.php\/wp-json\/wp\/v2\/posts"}],"about":[{"href":"https:\/\/diariorepublica.com.ar\/web\/index.php\/wp-json\/wp\/v2\/types\/post"}],"author":[{"embeddable":true,"href":"https:\/\/diariorepublica.com.ar\/web\/index.php\/wp-json\/wp\/v2\/users\/1"}],"replies":[{"embeddable":true,"href":"https:\/\/diariorepublica.com.ar\/web\/index.php\/wp-json\/wp\/v2\/comments?post=34685"}],"version-history":[{"count":1,"href":"https:\/\/diariorepublica.com.ar\/web\/index.php\/wp-json\/wp\/v2\/posts\/34685\/revisions"}],"predecessor-version":[{"id":34687,"href":"https:\/\/diariorepublica.com.ar\/web\/index.php\/wp-json\/wp\/v2\/posts\/34685\/revisions\/34687"}],"wp:featuredmedia":[{"embeddable":true,"href":"https:\/\/diariorepublica.com.ar\/web\/index.php\/wp-json\/wp\/v2\/media\/34686"}],"wp:attachment":[{"href":"https:\/\/diariorepublica.com.ar\/web\/index.php\/wp-json\/wp\/v2\/media?parent=34685"}],"wp:term":[{"taxonomy":"category","embeddable":true,"href":"https:\/\/diariorepublica.com.ar\/web\/index.php\/wp-json\/wp\/v2\/categories?post=34685"},{"taxonomy":"post_tag","embeddable":true,"href":"https:\/\/diariorepublica.com.ar\/web\/index.php\/wp-json\/wp\/v2\/tags?post=34685"}],"curies":[{"name":"wp","href":"https:\/\/api.w.org\/{rel}","templated":true}]}}