{"id":34688,"date":"2026-09-03T10:45:00","date_gmt":"2026-09-03T13:45:00","guid":{"rendered":"https:\/\/diariorepublica.com.ar\/web\/?p=34688"},"modified":"2026-09-03T07:46:09","modified_gmt":"2026-09-03T10:46:09","slug":"cordoba-cada-vez-mas-iglesias-aceptan-el-qr-para-las-limosnas","status":"publish","type":"post","link":"https:\/\/diariorepublica.com.ar\/web\/index.php\/nacionales\/2026\/09\/03\/cordoba-cada-vez-mas-iglesias-aceptan-el-qr-para-las-limosnas\/","title":{"rendered":"C\u00f3rdoba: cada vez m\u00e1s iglesias aceptan el QR para las limosnas"},"content":{"rendered":"<p>Diferentes iglesias de C\u00f3rdoba se adaptaron a la modernizaci\u00f3n de la \u00e9poca en la que se vive y cada vez son m\u00e1s los templos que aceptan que los fieles paguen mediante el c\u00f3digo QR las limosnas.<\/p>\n<p>Durante la misa aparece el momento en el que se lleva a cabo la colecta y es cuando una persona pasa la canasta entre los presentes, quienes depositan billetes de acuerdo con sus posibilidades econ\u00f3micas.<\/p>\n<p>Sin embargo,\u00a0<strong>en C\u00f3rdoba las iglesias ya adoptaron como m\u00e9todo los c\u00f3digos QR para recibir las ofrendas y tambi\u00e9n las donaciones, por lo que, por medio del uso del tel\u00e9fono celular, los fieles pueden colaborar.<\/strong><\/p>\n<p>De esta manera, los aportes podr\u00e1n hacerse a trav\u00e9s de billeteras electr\u00f3nicas por medio de aplicaciones u otros sistemas de pago electr\u00f3nico.<\/p>\n<p>La Catedral de C\u00f3rdoba implement\u00f3 el sistema de QR hace aproximadamente un a\u00f1o y permite que cada persona escanee el c\u00f3digo y elija libremente cu\u00e1nto aportar.<\/p>\n<p>En otros templos, como la iglesia de la Compa\u00f1\u00eda de Jes\u00fas, tambi\u00e9n conviven las dos modalidades.<\/p>\n<p>Las colectas habituales con las canastas que se pasan durante la misa siguen vigentes y contin\u00faan siendo una de las principales formas de colaboraci\u00f3n.<\/p>\n<p>Este tipo de m\u00e9todos son usados mayoritariamente por adultos mayores, quienes ni siquiera llevan celular durante la celebraci\u00f3n de la misa.<\/p>\n","protected":false},"excerpt":{"rendered":"<p>Diferentes iglesias de C\u00f3rdoba se adaptaron a la modernizaci\u00f3n de la \u00e9poca en la que se vive y cada vez<\/p>\n","protected":false},"author":1,"featured_media":34689,"comment_status":"closed","ping_status":"closed","sticky":false,"template":"","format":"standard","meta":{"footnotes":"","jetpack_publicize_message":"","jetpack_publicize_feature_enabled":true,"jetpack_social_post_already_shared":true,"jetpack_social_options":{"image_generator_settings":{"template":"highway","enabled":false},"version":2}},"categories":[4],"tags":[],"class_list":["post-34688","post","type-post","status-publish","format-standard","has-post-thumbnail","hentry","category-nacionales"],"jetpack_publicize_connections":[],"_links":{"self":[{"href":"https:\/\/diariorepublica.com.ar\/web\/index.php\/wp-json\/wp\/v2\/posts\/34688"}],"collection":[{"href":"https:\/\/diariorepublica.com.ar\/web\/index.php\/wp-json\/wp\/v2\/posts"}],"about":[{"href":"https:\/\/diariorepublica.com.ar\/web\/index.php\/wp-json\/wp\/v2\/types\/post"}],"author":[{"embeddable":true,"href":"https:\/\/diariorepublica.com.ar\/web\/index.php\/wp-json\/wp\/v2\/users\/1"}],"replies":[{"embeddable":true,"href":"https:\/\/diariorepublica.com.ar\/web\/index.php\/wp-json\/wp\/v2\/comments?post=34688"}],"version-history":[{"count":1,"href":"https:\/\/diariorepublica.com.ar\/web\/index.php\/wp-json\/wp\/v2\/posts\/34688\/revisions"}],"predecessor-version":[{"id":34690,"href":"https:\/\/diariorepublica.com.ar\/web\/index.php\/wp-json\/wp\/v2\/posts\/34688\/revisions\/34690"}],"wp:featuredmedia":[{"embeddable":true,"href":"https:\/\/diariorepublica.com.ar\/web\/index.php\/wp-json\/wp\/v2\/media\/34689"}],"wp:attachment":[{"href":"https:\/\/diariorepublica.com.ar\/web\/index.php\/wp-json\/wp\/v2\/media?parent=34688"}],"wp:term":[{"taxonomy":"category","embeddable":true,"href":"https:\/\/diariorepublica.com.ar\/web\/index.php\/wp-json\/wp\/v2\/categories?post=34688"},{"taxonomy":"post_tag","embeddable":true,"href":"https:\/\/diariorepublica.com.ar\/web\/index.php\/wp-json\/wp\/v2\/tags?post=34688"}],"curies":[{"name":"wp","href":"https:\/\/api.w.org\/{rel}","templated":true}]}}