{"id":34694,"date":"2026-09-03T07:51:19","date_gmt":"2026-09-03T10:51:19","guid":{"rendered":"https:\/\/diariorepublica.com.ar\/web\/?p=34694"},"modified":"2026-09-03T07:51:21","modified_gmt":"2026-09-03T10:51:21","slug":"milei-viaja-a-chile-para-reunirse-con-jose-antonio-kast-hablara-en-el-foro-madrid-y-preparara-la-cadena-sobre-malvinas","status":"publish","type":"post","link":"https:\/\/diariorepublica.com.ar\/web\/index.php\/politica\/2026\/09\/03\/milei-viaja-a-chile-para-reunirse-con-jose-antonio-kast-hablara-en-el-foro-madrid-y-preparara-la-cadena-sobre-malvinas\/","title":{"rendered":"Milei viaja a Chile para reunirse con Jos\u00e9 Antonio Kast, hablar\u00e1 en el Foro Madrid y preparar\u00e1 la cadena sobre Malvinas"},"content":{"rendered":"<article class=\"article-body article-body--first-paragraph\" data-td-script-src=\"https:\/\/www.ambito.com\/td\/modulos\/encuestas\/js\/function-embeds-min-version-1788408512.js\">\n<p id=\"p-1788400200524-93767\">El presidente\u00a0<strong>Javier Milei<\/strong>\u00a0partir\u00e1 este jueves rumbo a\u00a0<strong>Chile<\/strong>\u00a0para mantener una reuni\u00f3n bilateral con el mandatario trasandino,\u00a0<strong>Jos\u00e9 Antonio Kast.<\/strong>\u00a0En el marco de su agenda internacional tambi\u00e9n participar\u00e1 de una nueva cumbre de ultraderecha y se reunir\u00e1 con una funcionaria de\u00a0<strong>Donald Trump, en la antesala de la\u00a0cadena nacional que dar\u00e1 por la noche sobre la causa Malvinas.<\/strong><\/p>\n<\/article>\n<article class=\"article-body article-body--second-paragraph\">\n<p id=\"p-1788400200524-87769\">El vuelo que trasladar\u00e1 al jefe de Estado despegar\u00e1 a las 7 de Buenos Aires con destino a Santiago de Chile. Inmediatamente despu\u00e9s de su arribo acudir\u00e1 al\u00a0<strong>Centro de Eventos San Carlos de Apoquindo<\/strong>\u00a0donde expondr\u00e1 desde las 9.30 en el Foro Madrid, encuentro organizado por el partido espa\u00f1ol\u00a0<strong>Vox<\/strong>\u00a0y por la\u00a0<strong>Fundaci\u00f3n Disenso.<\/strong><\/p>\n<article class=\"article-body article-body--third-paragraph\">\n<p id=\"p-1788400200524-59789\">El discurso tendr\u00e1 lugar apenas horas despu\u00e9s de su presentaci\u00f3n en el evento de la\u00a0<strong>Fundaci\u00f3n Libertad<\/strong>\u00a0y\u00a0<strong>Progreso,<\/strong>\u00a0think tank\u00a0<strong>libertario<\/strong>\u00a0que reuni\u00f3 a funcionarios nacionales, a economistas conservadores y a figuras de la derecha regional.<\/p>\n<\/article>\n<article class=\"article-body article-body--fourth-paragraph\">\n<h6 id=\"p-1788401286044-34981\">Bilateral con Jos\u00e9 Antonio Kast y audiencia privada con Sarah Rogers<\/h6>\n<p id=\"p-1788400486902-19295\">Concluida su participaci\u00f3n en el\u00a0<strong>Foro Madrid,<\/strong>\u00a0la agenda de\u00a0<strong>Milei<\/strong>\u00a0continuar\u00e1 con una audiencia privada junto a la subsecretaria de Estado para la Diplomacia P\u00fablica de los Estados Unidos,\u00a0<strong>Sarah Rogers,<\/strong>\u00a0quien tambi\u00e9n participar\u00e1 en la cumbre de derecha.<\/p>\n<\/article>\n<article class=\"article-body article-body--fifth-paragraph\">\n<p id=\"p-1788400486902-6151\">La funcionaria del gobierno de\u00a0<strong>Donald Trump<\/strong>\u00a0argument\u00f3 que su presencia en el foro responde a la importancia que tiene para EEUU colaborar con los gobiernos de\u00a0<strong>Kast<\/strong>\u00a0y\u00a0<strong>Milei,<\/strong>\u00a0a las que denomin\u00f3 como<strong>\u00a0\u201clas prioridades estadounidenses para el hemisferio occidental\u201d.<\/strong><\/p>\n<\/article>\n<article class=\"article-body article-body--remaining-paragraph\">\n<p id=\"p-1788400489206-39971\">La audiencia privada entre\u00a0<strong>Rogers<\/strong>\u00a0y\u00a0<strong>Milei<\/strong>\u00a0se dar\u00e1 en medio de la expectativa por la cadena nacional que brindar\u00e1 esta noche sobre la causa Malvinas, apenas d\u00edas despu\u00e9s de que el presidente de EEUU abriera la puerta a revisar la postura de su pa\u00eds sobre Malvinas.<\/p>\n<p id=\"p-1788401252287-12533\">Consultado sobre si Washington est\u00e1 reconsiderando su postura, el mandatario respondi\u00f3:\u00a0<strong>\u201cSiempre la reviso. Es as\u00ed con todas las posiciones. Esa es solo una de muchas\u201d<\/strong>.<\/p>\n<p id=\"p-1788401267802-24152\">A continuaci\u00f3n, Trump se refiri\u00f3 a la situaci\u00f3n del Reino Unido y agreg\u00f3:\u00a0<strong>\u201cEl Reino Unido tiene algunos problemas, pero se resolver\u00e1n\u201d<\/strong>. La declaraci\u00f3n representa una se\u00f1al de que la administraci\u00f3n estadounidense podr\u00eda evaluar nuevamente su posici\u00f3n frente al hist\u00f3rico conflicto, aunque el mandatario\u00a0<strong>no confirm\u00f3 un cambio concreto<\/strong>\u00a0en la pol\u00edtica de Washington.<\/p>\n<p id=\"p-1788400683917-76246\">Finalizada la reuni\u00f3n con Rogers, Milei mantendr\u00e1 una reuni\u00f3n bilateral con el presidente de Chile,\u00a0<strong>Jos\u00e9 Antonio Kast,<\/strong>\u00a0en el Palacio de La Moneda a las 12hs, tras lo cual concluir\u00e1 su visita al pa\u00eds vecino.<\/p>\n<p id=\"p-1788400683917-59977\">El l\u00edder libertario emprender\u00e1 regreso a la Argentina a las 13:30 y se prev\u00e9 su llegada a Buenos Aires a las 15:30. Inmediatamente comenzar\u00e1 a preparar la cadena nacional que se emitir\u00e1 a las 21.<\/p>\n<p id=\"p-1788401352584-56534\"><strong>\u00abAyer pas\u00f3 algo muy fuerte respecto a la causa m\u00e1s importante y sagrada que tenemos los argentinos\u201d,\u00a0<\/strong>dijo el presidente Javier Milei\u00a0este martes luego de la reuni\u00f3n de Gabinete respecto de los dichos de Donald Trump en referencia a la postura estadounidense sobre el conflicto de soberan\u00eda sobre las Islas Malvinas.<\/p>\n<p id=\"p-1788401411054-97073\">Tan solo un d\u00eda despu\u00e9s de la\u00a0declaraci\u00f3n de Trump en el Sal\u00f3n Oval, el mandatario argentino\u00a0<strong>confirm\u00f3 que brindar\u00e1 una conferencia de prensa\u00a0<\/strong>para ahondar en los avances del hist\u00f3rico reclamo argentino.<\/p>\n<p id=\"p-1788401452837-7384\">Al respecto, este mi\u00e9rcoles el vocero Adri\u00e1n Ravier confirm\u00f3 que el Presidente se encuentra trabajando en el contenido de la cadena nacional junto al canciller\u00a0<strong>Quirno<\/strong>\u00a0y la\u00a0<strong>SIDE.\u00a0<\/strong>No obstante, evit\u00f3 dar precisiones sobre la misma.<\/p>\n<p>ambito.com<\/p>\n<div id=\"8268544-Libre-1536999726_wrap\" class=\"embed_cont type_imagen\" contenteditable=\"false\"><\/div>\n<\/article>\n<\/article>\n","protected":false},"excerpt":{"rendered":"<p>El presidente\u00a0Javier Milei\u00a0partir\u00e1 este jueves rumbo a\u00a0Chile\u00a0para mantener una reuni\u00f3n bilateral con el mandatario trasandino,\u00a0Jos\u00e9 Antonio Kast.\u00a0En el marco de<\/p>\n","protected":false},"author":1,"featured_media":34695,"comment_status":"closed","ping_status":"closed","sticky":false,"template":"","format":"standard","meta":{"footnotes":"","jetpack_publicize_message":"","jetpack_publicize_feature_enabled":true,"jetpack_social_post_already_shared":true,"jetpack_social_options":{"image_generator_settings":{"template":"highway","enabled":false},"version":2}},"categories":[12],"tags":[],"class_list":["post-34694","post","type-post","status-publish","format-standard","has-post-thumbnail","hentry","category-politica"],"jetpack_publicize_connections":[],"_links":{"self":[{"href":"https:\/\/diariorepublica.com.ar\/web\/index.php\/wp-json\/wp\/v2\/posts\/34694"}],"collection":[{"href":"https:\/\/diariorepublica.com.ar\/web\/index.php\/wp-json\/wp\/v2\/posts"}],"about":[{"href":"https:\/\/diariorepublica.com.ar\/web\/index.php\/wp-json\/wp\/v2\/types\/post"}],"author":[{"embeddable":true,"href":"https:\/\/diariorepublica.com.ar\/web\/index.php\/wp-json\/wp\/v2\/users\/1"}],"replies":[{"embeddable":true,"href":"https:\/\/diariorepublica.com.ar\/web\/index.php\/wp-json\/wp\/v2\/comments?post=34694"}],"version-history":[{"count":1,"href":"https:\/\/diariorepublica.com.ar\/web\/index.php\/wp-json\/wp\/v2\/posts\/34694\/revisions"}],"predecessor-version":[{"id":34696,"href":"https:\/\/diariorepublica.com.ar\/web\/index.php\/wp-json\/wp\/v2\/posts\/34694\/revisions\/34696"}],"wp:featuredmedia":[{"embeddable":true,"href":"https:\/\/diariorepublica.com.ar\/web\/index.php\/wp-json\/wp\/v2\/media\/34695"}],"wp:attachment":[{"href":"https:\/\/diariorepublica.com.ar\/web\/index.php\/wp-json\/wp\/v2\/media?parent=34694"}],"wp:term":[{"taxonomy":"category","embeddable":true,"href":"https:\/\/diariorepublica.com.ar\/web\/index.php\/wp-json\/wp\/v2\/categories?post=34694"},{"taxonomy":"post_tag","embeddable":true,"href":"https:\/\/diariorepublica.com.ar\/web\/index.php\/wp-json\/wp\/v2\/tags?post=34694"}],"curies":[{"name":"wp","href":"https:\/\/api.w.org\/{rel}","templated":true}]}}