{"id":34697,"date":"2026-09-03T00:52:00","date_gmt":"2026-09-03T03:52:00","guid":{"rendered":"https:\/\/diariorepublica.com.ar\/web\/?p=34697"},"modified":"2026-09-03T07:53:55","modified_gmt":"2026-09-03T10:53:55","slug":"caputo-afirmo-que-en-dos-anos-aun-habra-gente-que-no-llegue-a-fin-de-mes-no-puedo-hacer-magia","status":"publish","type":"post","link":"https:\/\/diariorepublica.com.ar\/web\/index.php\/economia\/2026\/09\/03\/caputo-afirmo-que-en-dos-anos-aun-habra-gente-que-no-llegue-a-fin-de-mes-no-puedo-hacer-magia\/","title":{"rendered":"Caputo afirm\u00f3 que en dos a\u00f1os a\u00fan habr\u00e1 gente que no llegue a fin de mes: \u201cNo puedo hacer magia\u201d"},"content":{"rendered":"<p>El ministro de Econom\u00eda,\u00a0<strong>Luis Caputo,\u00a0<\/strong>defendi\u00f3 este mi\u00e9rcoles el rumbo econ\u00f3mico de la gesti\u00f3n del presidente Javier Milei, al asegurar que el camino trazado es el \u00abcorrecto\u00bb, aunque advirti\u00f3 que la recuperaci\u00f3n requiere tiempo y que\u00a0<strong>\u00abdentro de dos a\u00f1os a\u00fan va a haber gente que no va a llegar a fin de mes\u00bb.<\/strong><\/p>\n<p>Al retirarse de la convenci\u00f3n libertaria\u00a0<strong>\u00abVientos de Cambio\u00bb<\/strong>\u00a0en el hotel Sheraton, antes del discurso del mandatario nacional, el funcionario enfatiz\u00f3 que \u00abArgentina no va a ser Suiza en un a\u00f1o\u00bb y remarc\u00f3:\u00a0<strong>\u00abYo no puedo hacer magia, tengo que lograr que cada vez esos argentinos que no llegan a fin de mes sean menos. Y eso se est\u00e1 logrando\u00bb.<\/strong><\/p>\n<p>Durante su contacto con la prensa, Caputo sostuvo que la pobreza en el pa\u00eds \u00abbaj\u00f3 a la mitad\u00bb y cuestion\u00f3 la falta de reconocimiento sobre los indicadores oficiales.<\/p>\n<p>\u00abSi mir\u00e1s a los \u00faltimos 20 a\u00f1os, fuimos un desastre y si mir\u00e1s hacia d\u00f3nde vamos hoy, es todo para bien. Venimos de un modelo financiero y vamos a un modelo de reconversi\u00f3n\u00bb, contrapuso en duras cr\u00edticas hacia el kirchnerismo.<\/p>\n<p>En esa misma l\u00ednea, remarc\u00f3 la necesidad de integrarse a los mercados internacionales:<strong>\u00a0\u00abSi no nos adaptamos al mundo, cerremos las fronteras. Argentina no tiene opci\u00f3n de no conectarse al mundo\u00bb.<\/strong><\/p>\n<p>Ante la consulta sobre los sectores que a\u00fan no perciben la mejora econ\u00f3mica, respondi\u00f3 que \u00aben Estados Unidos tambi\u00e9n hay gente que no llega a fin de mes\u00bb y ratific\u00f3 la orientaci\u00f3n actual:<strong>\u00a0\u00abEstamos seguros de que este es el camino correcto, estamos seguros nosotros, en el exterior y los empresarios.<\/strong>\u00a0Lo importante es la perseverancia. Si no nos desviamos del camino, de ac\u00e1 a los pr\u00f3ximos 20 a\u00f1os esto va a ser otro pa\u00eds\u00bb.<\/p>\n","protected":false},"excerpt":{"rendered":"<p>El ministro de Econom\u00eda,\u00a0Luis Caputo,\u00a0defendi\u00f3 este mi\u00e9rcoles el rumbo econ\u00f3mico de la gesti\u00f3n del presidente Javier Milei, al asegurar que<\/p>\n","protected":false},"author":1,"featured_media":34698,"comment_status":"closed","ping_status":"closed","sticky":false,"template":"","format":"standard","meta":{"footnotes":"","jetpack_publicize_message":"","jetpack_publicize_feature_enabled":true,"jetpack_social_post_already_shared":true,"jetpack_social_options":{"image_generator_settings":{"template":"highway","enabled":false},"version":2}},"categories":[5],"tags":[],"class_list":["post-34697","post","type-post","status-publish","format-standard","has-post-thumbnail","hentry","category-economia"],"jetpack_publicize_connections":[],"_links":{"self":[{"href":"https:\/\/diariorepublica.com.ar\/web\/index.php\/wp-json\/wp\/v2\/posts\/34697"}],"collection":[{"href":"https:\/\/diariorepublica.com.ar\/web\/index.php\/wp-json\/wp\/v2\/posts"}],"about":[{"href":"https:\/\/diariorepublica.com.ar\/web\/index.php\/wp-json\/wp\/v2\/types\/post"}],"author":[{"embeddable":true,"href":"https:\/\/diariorepublica.com.ar\/web\/index.php\/wp-json\/wp\/v2\/users\/1"}],"replies":[{"embeddable":true,"href":"https:\/\/diariorepublica.com.ar\/web\/index.php\/wp-json\/wp\/v2\/comments?post=34697"}],"version-history":[{"count":1,"href":"https:\/\/diariorepublica.com.ar\/web\/index.php\/wp-json\/wp\/v2\/posts\/34697\/revisions"}],"predecessor-version":[{"id":34699,"href":"https:\/\/diariorepublica.com.ar\/web\/index.php\/wp-json\/wp\/v2\/posts\/34697\/revisions\/34699"}],"wp:featuredmedia":[{"embeddable":true,"href":"https:\/\/diariorepublica.com.ar\/web\/index.php\/wp-json\/wp\/v2\/media\/34698"}],"wp:attachment":[{"href":"https:\/\/diariorepublica.com.ar\/web\/index.php\/wp-json\/wp\/v2\/media?parent=34697"}],"wp:term":[{"taxonomy":"category","embeddable":true,"href":"https:\/\/diariorepublica.com.ar\/web\/index.php\/wp-json\/wp\/v2\/categories?post=34697"},{"taxonomy":"post_tag","embeddable":true,"href":"https:\/\/diariorepublica.com.ar\/web\/index.php\/wp-json\/wp\/v2\/tags?post=34697"}],"curies":[{"name":"wp","href":"https:\/\/api.w.org\/{rel}","templated":true}]}}