{"id":34700,"date":"2026-09-03T08:34:04","date_gmt":"2026-09-03T11:34:04","guid":{"rendered":"https:\/\/diariorepublica.com.ar\/web\/?p=34700"},"modified":"2026-09-03T08:34:07","modified_gmt":"2026-09-03T11:34:07","slug":"la-asamblea-de-nicaragua-prohibio-la-oposicion-y-extendio-el-mandato-presidencial-a-siete-anos","status":"publish","type":"post","link":"https:\/\/diariorepublica.com.ar\/web\/index.php\/internacionales\/2026\/09\/03\/la-asamblea-de-nicaragua-prohibio-la-oposicion-y-extendio-el-mandato-presidencial-a-siete-anos\/","title":{"rendered":"La Asamblea de Nicaragua prohibi\u00f3 la oposici\u00f3n y extendi\u00f3 el mandato presidencial a siete a\u00f1os"},"content":{"rendered":"<p class=\"paragraph font__body-regular\">La\u00a0<b>Asamblea Nacional de Nicaragua<\/b>, dominada por el oficialismo, aprob\u00f3 este martes una\u00a0reforma constitucional\u00a0que\u00a0<b>proh\u00edbe la participaci\u00f3n de opositores en las elecciones<\/b>\u00a0y extiende el mandato presidencial de seis a siete a\u00f1os.<\/p>\n<p class=\"paragraph font__body-regular\">La iniciativa, impulsada por el presidente\u00a0<b>Daniel Ortega<\/b>, fue votada de manera un\u00e1nime en una sesi\u00f3n especial realizada frente a la catedral de Le\u00f3n, a 90 kil\u00f3metros de Managua.<\/p>\n<p class=\"paragraph font__body-regular\">La enmienda establece que quedar\u00e1n excluidos de los comicios quienes hayan participado en la planificaci\u00f3n o ejecuci\u00f3n de un \u201cgolpe de Estado\u201d, sean considerados \u201ctraidores a la patria\u201d o hayan solicitado \u201cintervenci\u00f3n militar\u201d o \u201cbloqueos econ\u00f3micos\u201d contra el pa\u00eds. Adem\u00e1s, la reforma desconoce la aplicaci\u00f3n de leyes extraterritoriales por parte de otros Estados u organismos internacionales.<\/p>\n<p class=\"paragraph font__body-regular\">El presidente\u00a0<b>Daniel Ortega<\/b>, de 80 a\u00f1os, y su esposa y copresidenta\u00a0<b>Rosario Murillo<\/b>, de 75, gobiernan Nicaragua con un\u00a0<b>fuerte control sobre la sociedad desde hace casi dos d\u00e9cadas<\/b>.<\/p>\n<p class=\"paragraph font__body-regular\">Tras las protestas de 2018, que dejaron m\u00e1s de 300 muertos seg\u00fan la ONU, el gobierno intensific\u00f3 la represi\u00f3n y acus\u00f3 a los manifestantes de intentar un golpe de Estado patrocinado por Estados Unidos.<\/p>\n<p class=\"paragraph font__body-regular\">Miles de nicarag\u00fcenses, entre ellos dirigentes opositores, intelectuales y religiosos, se exiliaron y fueron\u00a0<b>despojados de su nacionalidad<\/b>\u00a0bajo cargos de \u201ctraici\u00f3n a la patria\u201d. Como resultado,\u00a0<b>la oposici\u00f3n qued\u00f3 pr\u00e1cticamente anulada\u00a0<\/b>dentro del pa\u00eds.<\/p>\n<p class=\"paragraph font__body-regular\">Desde el exilio, referentes opositores advirtieron que la reforma busca garantizar la continuidad del poder en la familia Ortega-Murillo, especialmente ante los problemas de salud del mandatario, que padece lupus y afecciones renales.<\/p>\n<p class=\"font--primary font__display\">Rechazo internacional y advertencias de la OEA<\/p>\n<p class=\"paragraph font__body-regular\">La reforma, anunciada por Ortega el 19 de julio durante el aniversario de la revoluci\u00f3n sandinista, desat\u00f3 un amplio rechazo internacional. Por iniciativa de Estados Unidos, la\u00a0<b>Organizaci\u00f3n de Estados Americanos (<\/b><b>OEA<\/b><b>)<\/b>\u00a0convoc\u00f3 a una reuni\u00f3n urgente de cancilleres para debatir posibles sanciones contra el gobierno nicarag\u00fcense, aunque la fecha a\u00fan no fue definida.<\/p>\n<p class=\"paragraph font__body-regular\">El secretario general de la OEA,\u00a0<b>Albert Ramdin<\/b>, pidi\u00f3 que los ministros tomen decisiones \u201cpara castigar, para ejercer m\u00e1s presi\u00f3n sobre Nicaragua\u201d. Sin embargo, la enmienda aprobada por la Asamblea rechaza cualquier injerencia o sanci\u00f3n internacional.<\/p>\n<p class=\"paragraph font__body-regular\">La reforma deber\u00e1 ser ratificada en una segunda legislatura a partir de 2027, un tr\u00e1mite que se da por descontado dada la composici\u00f3n del Parlamento.<\/p>\n<h6 class=\"font--primary font__display\">Sin rivales y con elecciones postergadas<\/h6>\n<p class=\"paragraph font__body-regular\">Ortega, exguerrillero sandinista, gobern\u00f3 Nicaragua en los a\u00f1os 80 y regres\u00f3 al poder en 2007. Desde entonces, fue\u00a0<b>reelegido tres veces en comicios cuestionados<\/b>, la \u00faltima vez hace cinco a\u00f1os, cuando encarcel\u00f3 a opositores y el\u00a0<b>Frente Sandinista de Liberaci\u00f3n Nacional (FSLN)<\/b>\u00a0gan\u00f3 sin competencia real.<\/p>\n<p class=\"paragraph font__body-regular\">En 2024, otra reforma constitucional ya hab\u00eda ampliado el periodo presidencial de cinco a seis a\u00f1os y elevado a Murillo al cargo de copresidenta. Adem\u00e1s, los comicios previstos para este a\u00f1o fueron postergados hasta noviembre de 2027.<\/p>\n<p class=\"paragraph font__body-regular\">A pesar de la presi\u00f3n internacional,\u00a0<b>Estados Unidos sigue siendo el principal socio comercial de Nicaragua<\/b>, que tambi\u00e9n recibe cr\u00e9ditos de bancos internacionales y del FMI. Por eso, la oposici\u00f3n insiste en pedir sanciones econ\u00f3micas para presionar al r\u00e9gimen.<\/p>\n<p class=\"paragraph font__body-regular\">En los \u00faltimos d\u00edas, una docena de grupos opositores en el exilio acord\u00f3 un plan de transici\u00f3n pol\u00edtica que incluye la excarcelaci\u00f3n de presos pol\u00edticos y la renovaci\u00f3n de las instituciones controladas por el oficialismo.<\/p>\n<p>TN<\/p>\n","protected":false},"excerpt":{"rendered":"<p>La\u00a0Asamblea Nacional de Nicaragua, dominada por el oficialismo, aprob\u00f3 este martes una\u00a0reforma constitucional\u00a0que\u00a0proh\u00edbe la participaci\u00f3n de opositores en las elecciones\u00a0y<\/p>\n","protected":false},"author":1,"featured_media":34701,"comment_status":"closed","ping_status":"closed","sticky":false,"template":"","format":"standard","meta":{"footnotes":"","jetpack_publicize_message":"","jetpack_publicize_feature_enabled":true,"jetpack_social_post_already_shared":true,"jetpack_social_options":{"image_generator_settings":{"template":"highway","enabled":false},"version":2}},"categories":[6],"tags":[],"class_list":["post-34700","post","type-post","status-publish","format-standard","has-post-thumbnail","hentry","category-internacionales"],"jetpack_publicize_connections":[],"_links":{"self":[{"href":"https:\/\/diariorepublica.com.ar\/web\/index.php\/wp-json\/wp\/v2\/posts\/34700"}],"collection":[{"href":"https:\/\/diariorepublica.com.ar\/web\/index.php\/wp-json\/wp\/v2\/posts"}],"about":[{"href":"https:\/\/diariorepublica.com.ar\/web\/index.php\/wp-json\/wp\/v2\/types\/post"}],"author":[{"embeddable":true,"href":"https:\/\/diariorepublica.com.ar\/web\/index.php\/wp-json\/wp\/v2\/users\/1"}],"replies":[{"embeddable":true,"href":"https:\/\/diariorepublica.com.ar\/web\/index.php\/wp-json\/wp\/v2\/comments?post=34700"}],"version-history":[{"count":1,"href":"https:\/\/diariorepublica.com.ar\/web\/index.php\/wp-json\/wp\/v2\/posts\/34700\/revisions"}],"predecessor-version":[{"id":34702,"href":"https:\/\/diariorepublica.com.ar\/web\/index.php\/wp-json\/wp\/v2\/posts\/34700\/revisions\/34702"}],"wp:featuredmedia":[{"embeddable":true,"href":"https:\/\/diariorepublica.com.ar\/web\/index.php\/wp-json\/wp\/v2\/media\/34701"}],"wp:attachment":[{"href":"https:\/\/diariorepublica.com.ar\/web\/index.php\/wp-json\/wp\/v2\/media?parent=34700"}],"wp:term":[{"taxonomy":"category","embeddable":true,"href":"https:\/\/diariorepublica.com.ar\/web\/index.php\/wp-json\/wp\/v2\/categories?post=34700"},{"taxonomy":"post_tag","embeddable":true,"href":"https:\/\/diariorepublica.com.ar\/web\/index.php\/wp-json\/wp\/v2\/tags?post=34700"}],"curies":[{"name":"wp","href":"https:\/\/api.w.org\/{rel}","templated":true}]}}