{"id":34709,"date":"2026-09-03T09:16:11","date_gmt":"2026-09-03T12:16:11","guid":{"rendered":"https:\/\/diariorepublica.com.ar\/web\/?p=34709"},"modified":"2026-09-03T09:16:13","modified_gmt":"2026-09-03T12:16:13","slug":"nuevos-incrementos-para-el-personal-de-casas-particulares","status":"publish","type":"post","link":"https:\/\/diariorepublica.com.ar\/web\/index.php\/economia\/2026\/09\/03\/nuevos-incrementos-para-el-personal-de-casas-particulares\/","title":{"rendered":"Nuevos\u00a0incrementos para el Personal de Casas Particulares"},"content":{"rendered":"<article class=\"article-body article-body--first-paragraph\" data-td-script-src=\"https:\/\/www.ambito.com\/td\/modulos\/encuestas\/js\/function-embeds-min-version-1788322023.js\">\n<p id=\"p-1788427231495-94084\" dir=\"ltr\">La\u00a0<strong>Comisi\u00f3n Nacional de Trabajo en Casas Particulares (CNTCP)<\/strong>, que funciona en la \u00f3rbita del\u00a0<strong>Ministerio de Capital Humano<\/strong>, public\u00f3 este jueves en el Bolet\u00edn Oficial la Resoluci\u00f3n 6\/2026, que fija nuevos\u00a0incrementos en las remuneraciones\u00a0<strong>horarias y mensuales m\u00ednimas para el personal comprendido en el R\u00e9gimen Especial de Contrato de Trabajo para el Personal de Casas Particulares, establecido por la Ley 26.844.<\/strong><\/p>\n<\/article>\n<article class=\"article-body article-body--second-paragraph\">\n<p id=\"p-1788427231495-50003\" dir=\"ltr\">La medida, firmada por Soledad Moreno, presidente alterna del organismo, dispone un aumento del\u00a0<strong>1,9% a partir de agosto de 2026<\/strong>, calculado sobre los salarios m\u00ednimos vigentes en julio conforme la Resoluci\u00f3n 4\/2026 de la misma comisi\u00f3n.<\/p>\n<article class=\"article-body article-body--third-paragraph\">\n<p id=\"p-1788427268586-10561\" dir=\"ltr\">A ese incremento le seguir\u00e1n subas del\u00a0<strong>1,8% en septiembre<\/strong>, del\u00a0<strong>1,7% en octubre<\/strong>\u00a0y del\u00a0<strong>1,6% en noviembre y diciembre<\/strong>, todas aplicadas en forma acumulativa sobre la base del mes anterior.<\/p>\n<\/article>\n<article class=\"article-body article-body--fourth-paragraph\">\n<p id=\"p-1788427231495-85335\" dir=\"ltr\">La resoluci\u00f3n tambi\u00e9n establece el pago de una\u00a0<strong>suma no remunerativa por \u00fanica vez<\/strong>, que se abonar\u00e1 junto con los salarios de agosto. El monto ser\u00e1 de 20.000 pesos para quienes trabajen 16 horas semanales o m\u00e1s, de 11.500 pesos para el personal que preste tareas entre 12 y menos de 16 horas semanales, y de 8.000 pesos para quienes trabajen menos de 12 horas semanales.<\/p>\n<\/article>\n<article class=\"article-body article-body--fifth-paragraph\">\n<p id=\"p-1788427231495-72100\" dir=\"ltr\">Esa suma no remunerativa se incorporar\u00e1 progresivamente al salario b\u00e1sico: un 25% se sumar\u00e1 en septiembre, un 50% en octubre y el 25% restante en noviembre, seg\u00fan las distintas categor\u00edas del personal.<\/p>\n<\/article>\n<article class=\"article-body article-body--remaining-paragraph\">\n<p id=\"p-1788427231495-26248\" dir=\"ltr\">La norma detalla las escalas salariales por categor\u00eda en cinco anexos, correspondientes a cada uno de los meses comprendidos, y contempla un adicional del 31% sobre los salarios m\u00ednimos para el personal que preste tareas en las provincias de La Pampa, R\u00edo Negro, Chubut, Neuqu\u00e9n, Santa Cruz, Tierra del Fuego, Ant\u00e1rtida e Islas del Atl\u00e1ntico Sur, y en el partido de Patagones, en la provincia de Buenos Aires.<\/p>\n<p id=\"p-1788427231495-24368\" dir=\"ltr\">Los incrementos alcanzan a las categor\u00edas de personal para tareas generales, asistencia y cuidado de personas, caseros, personal para tareas espec\u00edficas y supervisores. La resoluci\u00f3n aclara que las partes pueden pactar salarios individuales por encima de los m\u00ednimos establecidos, y que las adecuaciones salariales rigen en todo el territorio nacional.<\/p>\n<\/article>\n<\/article>\n","protected":false},"excerpt":{"rendered":"<p>La\u00a0Comisi\u00f3n Nacional de Trabajo en Casas Particulares (CNTCP), que funciona en la \u00f3rbita del\u00a0Ministerio de Capital Humano, public\u00f3 este jueves<\/p>\n","protected":false},"author":1,"featured_media":34710,"comment_status":"closed","ping_status":"closed","sticky":false,"template":"","format":"standard","meta":{"footnotes":"","jetpack_publicize_message":"","jetpack_publicize_feature_enabled":true,"jetpack_social_post_already_shared":true,"jetpack_social_options":{"image_generator_settings":{"template":"highway","enabled":false},"version":2}},"categories":[5],"tags":[],"class_list":["post-34709","post","type-post","status-publish","format-standard","has-post-thumbnail","hentry","category-economia"],"jetpack_publicize_connections":[],"_links":{"self":[{"href":"https:\/\/diariorepublica.com.ar\/web\/index.php\/wp-json\/wp\/v2\/posts\/34709"}],"collection":[{"href":"https:\/\/diariorepublica.com.ar\/web\/index.php\/wp-json\/wp\/v2\/posts"}],"about":[{"href":"https:\/\/diariorepublica.com.ar\/web\/index.php\/wp-json\/wp\/v2\/types\/post"}],"author":[{"embeddable":true,"href":"https:\/\/diariorepublica.com.ar\/web\/index.php\/wp-json\/wp\/v2\/users\/1"}],"replies":[{"embeddable":true,"href":"https:\/\/diariorepublica.com.ar\/web\/index.php\/wp-json\/wp\/v2\/comments?post=34709"}],"version-history":[{"count":1,"href":"https:\/\/diariorepublica.com.ar\/web\/index.php\/wp-json\/wp\/v2\/posts\/34709\/revisions"}],"predecessor-version":[{"id":34711,"href":"https:\/\/diariorepublica.com.ar\/web\/index.php\/wp-json\/wp\/v2\/posts\/34709\/revisions\/34711"}],"wp:featuredmedia":[{"embeddable":true,"href":"https:\/\/diariorepublica.com.ar\/web\/index.php\/wp-json\/wp\/v2\/media\/34710"}],"wp:attachment":[{"href":"https:\/\/diariorepublica.com.ar\/web\/index.php\/wp-json\/wp\/v2\/media?parent=34709"}],"wp:term":[{"taxonomy":"category","embeddable":true,"href":"https:\/\/diariorepublica.com.ar\/web\/index.php\/wp-json\/wp\/v2\/categories?post=34709"},{"taxonomy":"post_tag","embeddable":true,"href":"https:\/\/diariorepublica.com.ar\/web\/index.php\/wp-json\/wp\/v2\/tags?post=34709"}],"curies":[{"name":"wp","href":"https:\/\/api.w.org\/{rel}","templated":true}]}}