{"id":34712,"date":"2026-09-03T10:43:21","date_gmt":"2026-09-03T13:43:21","guid":{"rendered":"https:\/\/diariorepublica.com.ar\/web\/?p=34712"},"modified":"2026-09-03T10:43:24","modified_gmt":"2026-09-03T13:43:24","slug":"paro-en-aeropuertos-ate-pospuso-la-medida-de-fuerza-y-pidio-una-audiencia-al-gobierno","status":"publish","type":"post","link":"https:\/\/diariorepublica.com.ar\/web\/index.php\/nacionales\/2026\/09\/03\/paro-en-aeropuertos-ate-pospuso-la-medida-de-fuerza-y-pidio-una-audiencia-al-gobierno\/","title":{"rendered":"Paro en aeropuertos: ATE pospuso la medida de fuerza y pidi\u00f3 una audiencia al Gobierno"},"content":{"rendered":"<article id=\"article-post\" class=\"first\">\n<div class=\"cuerpo\" data-twitter-link=\"https:\/\/twitter.com\/intent\/tweet?url=https:\/\/www.diariopopular.com.ar\/c917805&amp;via=poopulardiario&amp;related=Popular&amp;text=\">\n<p id=\"p-1788439654903-13474\" class=\"\">La medida de fuerza convocada por\u00a0<strong>ATE en los aeropuertos de todo el pa\u00eds fue pospuesta hasta nuevo aviso<\/strong>, luego de que el sindicato reclamara al\u00a0<strong>Ministerio de Trabajo<\/strong>\u00a0una audiencia para definir c\u00f3mo se aplicar\u00e1 el esquema de servicios esenciales del 75% que exige el Gobierno.<\/p>\n<\/div>\n<\/article>\n<article id=\"article-post\">\n<div class=\"cuerpo\" data-twitter-link=\"#TWEMBEDLINK#\">\n<p id=\"p-1788439654903-7640\" class=\"\">El paro iba a alcanzar a trabajadores de la\u00a0<strong>Administraci\u00f3n Nacional de Aviaci\u00f3n Civil (ANAC)<\/strong>\u00a0y a m\u00e1s de\u00a0<strong>27 terminales a\u00e9reas<\/strong>\u00a0de distintos puntos del pa\u00eds, entre ellas el Aeropuerto Internacional de Ezeiza y el Aeroparque Jorge Newbery. La protesta hab\u00eda sido anunciada para este jueves y viernes, con asambleas y cese parcial de tareas en las franjas de\u00a0<strong>9 a 12 y de 18 a 21<\/strong>.<\/p>\n<\/div>\n<\/article>\n<article id=\"article-post\">\n<div class=\"cuerpo\" data-twitter-link=\"#TWEMBEDLINK#\">\n<p id=\"p-1788439654903-49340\">Sin embargo,\u00a0<strong>ATE decidi\u00f3 suspender moment\u00e1neamente el inicio de la medida como gesto de buena voluntad<\/strong>, a la espera de una convocatoria oficial. Marcelo Belelli, coordinador nacional de ATE-ANAC, confirm\u00f3 que el gremio busca que en la audiencia se establezca c\u00f3mo deber\u00e1n cumplirse las prestaciones m\u00ednimas que el Gobierno considera obligatorias.<\/p>\n<\/div>\n<\/article>\n","protected":false},"excerpt":{"rendered":"<p>La medida de fuerza convocada por\u00a0ATE en los aeropuertos de todo el pa\u00eds fue pospuesta hasta nuevo aviso, luego de<\/p>\n","protected":false},"author":1,"featured_media":34713,"comment_status":"closed","ping_status":"closed","sticky":false,"template":"","format":"standard","meta":{"footnotes":"","jetpack_publicize_message":"","jetpack_publicize_feature_enabled":true,"jetpack_social_post_already_shared":true,"jetpack_social_options":{"image_generator_settings":{"template":"highway","enabled":false},"version":2}},"categories":[4],"tags":[],"class_list":["post-34712","post","type-post","status-publish","format-standard","has-post-thumbnail","hentry","category-nacionales"],"jetpack_publicize_connections":[],"_links":{"self":[{"href":"https:\/\/diariorepublica.com.ar\/web\/index.php\/wp-json\/wp\/v2\/posts\/34712"}],"collection":[{"href":"https:\/\/diariorepublica.com.ar\/web\/index.php\/wp-json\/wp\/v2\/posts"}],"about":[{"href":"https:\/\/diariorepublica.com.ar\/web\/index.php\/wp-json\/wp\/v2\/types\/post"}],"author":[{"embeddable":true,"href":"https:\/\/diariorepublica.com.ar\/web\/index.php\/wp-json\/wp\/v2\/users\/1"}],"replies":[{"embeddable":true,"href":"https:\/\/diariorepublica.com.ar\/web\/index.php\/wp-json\/wp\/v2\/comments?post=34712"}],"version-history":[{"count":1,"href":"https:\/\/diariorepublica.com.ar\/web\/index.php\/wp-json\/wp\/v2\/posts\/34712\/revisions"}],"predecessor-version":[{"id":34714,"href":"https:\/\/diariorepublica.com.ar\/web\/index.php\/wp-json\/wp\/v2\/posts\/34712\/revisions\/34714"}],"wp:featuredmedia":[{"embeddable":true,"href":"https:\/\/diariorepublica.com.ar\/web\/index.php\/wp-json\/wp\/v2\/media\/34713"}],"wp:attachment":[{"href":"https:\/\/diariorepublica.com.ar\/web\/index.php\/wp-json\/wp\/v2\/media?parent=34712"}],"wp:term":[{"taxonomy":"category","embeddable":true,"href":"https:\/\/diariorepublica.com.ar\/web\/index.php\/wp-json\/wp\/v2\/categories?post=34712"},{"taxonomy":"post_tag","embeddable":true,"href":"https:\/\/diariorepublica.com.ar\/web\/index.php\/wp-json\/wp\/v2\/tags?post=34712"}],"curies":[{"name":"wp","href":"https:\/\/api.w.org\/{rel}","templated":true}]}}