{"id":34715,"date":"2026-09-03T10:45:37","date_gmt":"2026-09-03T13:45:37","guid":{"rendered":"https:\/\/diariorepublica.com.ar\/web\/?p=34715"},"modified":"2026-09-03T10:45:39","modified_gmt":"2026-09-03T13:45:39","slug":"las-ventas-de-lacteos-cayeron-mas-de-10","status":"publish","type":"post","link":"https:\/\/diariorepublica.com.ar\/web\/index.php\/economia\/2026\/09\/03\/las-ventas-de-lacteos-cayeron-mas-de-10\/","title":{"rendered":"Las ventas de l\u00e1cteos cayeron m\u00e1s de 10%"},"content":{"rendered":"<article id=\"article-post\" class=\"first\">\n<div class=\"cuerpo\" data-twitter-link=\"https:\/\/twitter.com\/intent\/tweet?url=https:\/\/www.diariopopular.com.ar\/c917826&amp;via=poopulardiario&amp;related=Popular&amp;text=\">\n<p id=\"p-1788432175194-4434\" class=\"\">La ca\u00edda del consumo de productos b\u00e1sicos volvi\u00f3 a quedar expuesta en el balance de\u00a0<strong>Mastellone<\/strong>, l\u00edder de la industria l\u00e1ctea. La compa\u00f1\u00eda cerr\u00f3 el primer semestre de 2026 con una p\u00e9rdida de\u00a0<strong>$4.791 millones<\/strong>\u00a0y una baja real del 6,7% en sus ingresos.<\/p>\n<\/div>\n<\/article>\n<article id=\"article-post\">\n<div class=\"cuerpo\" data-twitter-link=\"#TWEMBEDLINK#\">\n<p id=\"p-1788432175194-37983\" class=\"\">El principal impacto se registr\u00f3 en el mercado argentino. Entre enero y junio, las ventas locales pasaron de\u00a0<strong>$807.199 millones a $723.996 millones<\/strong>, lo que representa una ca\u00edda real del\u00a0<strong>10,3%<\/strong>.<\/p>\n<\/div>\n<\/article>\n<article id=\"article-post\">\n<div class=\"cuerpo\" data-twitter-link=\"#TWEMBEDLINK#\">\n<p id=\"p-1788432175194-72879\" class=\"\">La situaci\u00f3n fue parcialmente compensada por el desempe\u00f1o de las exportaciones. Los ingresos provenientes de los mercados externos crecieron\u00a0<strong>10,5%<\/strong>\u00a0y alcanzaron los $172.242 millones.<\/p>\n<\/div>\n<\/article>\n<article id=\"article-post\">\n<div class=\"cuerpo\" data-twitter-link=\"#TWEMBEDLINK#\">\n<p id=\"p-1788432175194-93147\" class=\"\">En total, Mastellone registr\u00f3 ingresos por\u00a0<strong>$908.674 millones<\/strong>\u00a0durante el primer semestre, frente a los $973.850 millones del mismo per\u00edodo de 2025, siempre expresados en moneda homog\u00e9nea al cierre del per\u00edodo.<\/p>\n<\/div>\n<\/article>\n<article id=\"article-post\">\n<div class=\"cuerpo\" data-twitter-link=\"#TWEMBEDLINK#\">\n<p id=\"p-1788432175194-31764\" class=\"\">El balance muestra as\u00ed un cambio en la composici\u00f3n del negocio: mientras las exportaciones representaban alrededor del\u00a0<strong>16% de los ingresos<\/strong>\u00a0un a\u00f1o atr\u00e1s, ahora explican cerca del 19%.<\/p>\n<p id=\"p-1788432175194-88916\" class=\"\">La compa\u00f1\u00eda logr\u00f3 sostener su operaci\u00f3n, generar efectivo y reducir su deuda financiera, pero el retroceso de las ventas dom\u00e9sticas volvi\u00f3 a marcar las dificultades que atraviesa el sector de alimentos de consumo masivo.<\/p>\n<p id=\"p-1788432175194-2663\">El escenario combina\u00a0<strong>menor demanda interna, presi\u00f3n sobre los costos y consumidores que buscan alternativas de menor precio<\/strong>, en un contexto en el que el consumo de productos esenciales todav\u00eda no logra recuperarse.<\/p>\n<\/div>\n<\/article>\n","protected":false},"excerpt":{"rendered":"<p>La ca\u00edda del consumo de productos b\u00e1sicos volvi\u00f3 a quedar expuesta en el balance de\u00a0Mastellone, l\u00edder de la industria l\u00e1ctea.<\/p>\n","protected":false},"author":1,"featured_media":34716,"comment_status":"closed","ping_status":"closed","sticky":false,"template":"","format":"standard","meta":{"footnotes":"","jetpack_publicize_message":"","jetpack_publicize_feature_enabled":true,"jetpack_social_post_already_shared":true,"jetpack_social_options":{"image_generator_settings":{"template":"highway","enabled":false},"version":2}},"categories":[5],"tags":[],"class_list":["post-34715","post","type-post","status-publish","format-standard","has-post-thumbnail","hentry","category-economia"],"jetpack_publicize_connections":[],"_links":{"self":[{"href":"https:\/\/diariorepublica.com.ar\/web\/index.php\/wp-json\/wp\/v2\/posts\/34715"}],"collection":[{"href":"https:\/\/diariorepublica.com.ar\/web\/index.php\/wp-json\/wp\/v2\/posts"}],"about":[{"href":"https:\/\/diariorepublica.com.ar\/web\/index.php\/wp-json\/wp\/v2\/types\/post"}],"author":[{"embeddable":true,"href":"https:\/\/diariorepublica.com.ar\/web\/index.php\/wp-json\/wp\/v2\/users\/1"}],"replies":[{"embeddable":true,"href":"https:\/\/diariorepublica.com.ar\/web\/index.php\/wp-json\/wp\/v2\/comments?post=34715"}],"version-history":[{"count":1,"href":"https:\/\/diariorepublica.com.ar\/web\/index.php\/wp-json\/wp\/v2\/posts\/34715\/revisions"}],"predecessor-version":[{"id":34717,"href":"https:\/\/diariorepublica.com.ar\/web\/index.php\/wp-json\/wp\/v2\/posts\/34715\/revisions\/34717"}],"wp:featuredmedia":[{"embeddable":true,"href":"https:\/\/diariorepublica.com.ar\/web\/index.php\/wp-json\/wp\/v2\/media\/34716"}],"wp:attachment":[{"href":"https:\/\/diariorepublica.com.ar\/web\/index.php\/wp-json\/wp\/v2\/media?parent=34715"}],"wp:term":[{"taxonomy":"category","embeddable":true,"href":"https:\/\/diariorepublica.com.ar\/web\/index.php\/wp-json\/wp\/v2\/categories?post=34715"},{"taxonomy":"post_tag","embeddable":true,"href":"https:\/\/diariorepublica.com.ar\/web\/index.php\/wp-json\/wp\/v2\/tags?post=34715"}],"curies":[{"name":"wp","href":"https:\/\/api.w.org\/{rel}","templated":true}]}}