{"id":34718,"date":"2026-09-03T12:56:45","date_gmt":"2026-09-03T15:56:45","guid":{"rendered":"https:\/\/diariorepublica.com.ar\/web\/?p=34718"},"modified":"2026-09-03T12:56:47","modified_gmt":"2026-09-03T15:56:47","slug":"zona-franca-tinogasta-historico-acuerdo-de-nacion-y-catamarca-para-autorizar-baja-de-impuestos","status":"publish","type":"post","link":"https:\/\/diariorepublica.com.ar\/web\/index.php\/locales\/2026\/09\/03\/zona-franca-tinogasta-historico-acuerdo-de-nacion-y-catamarca-para-autorizar-baja-de-impuestos\/","title":{"rendered":"Zona Franca Tinogasta: hist\u00f3rico acuerdo de Naci\u00f3n y Catamarca para autorizar baja de impuestos"},"content":{"rendered":"<p>La iniciativa se enmarca en la Ley N\u00b024.331, y permitir\u00e1 potenciar el comercio y las exportaciones, atraer inversiones y mejorar la competitividad de las econom\u00edas regionales de todo el Oeste catamarque\u00f1o.<\/p>\n<p>La r\u00fabrica de este convenio es el resultado de gestiones del Gobierno provincial para crear la Zona Franca de Tinogasta, entendiendo que constituye una pol\u00edtica estrat\u00e9gica para el desarrollo de un polo productivo, log\u00edstico y comercial de la Provincia y del norte argentino, aprovechando su ubicaci\u00f3n geogr\u00e1fica privilegiada y generando condiciones que incrementen la competitividad regional.<\/p>\n<p>La nueva zona en Catamarca se adecuar\u00e1 a las actuales condiciones econ\u00f3micas y productivas, propiciando el establecimiento de una Zona Franca de car\u00e1cter mixto -industrial y comercial- que contribuya a fortalecer las cadenas de valor vinculadas a la miner\u00eda, la agroindustria, el comercio exterior y la integraci\u00f3n bioce\u00e1nica, promoviendo nuevas inversiones y la generaci\u00f3n de empleo de calidad.<\/p>\n<p>Es menester mencionar que, diversos actores del ejecutivo provincial y legisladores nacionales como Sebasti\u00e1n Noblega, Fernanda \u00c1vila, Fernando Monguillot, Claudia Palladino, y la ex diputada Nacional, Silvana Ginocchio, participaron del proceso de gestiones para concretar la creaci\u00f3n de esta zona clave para el futuro y desarrollo de Catamarca.<\/p>\n<p>Por \u00faltimo, el convenio firmado establece que la nueva zona franca ser\u00e1 de aplicaci\u00f3n a partir de su aprobaci\u00f3n por parte de la Legislatura de la Provincia de Catamarca.<\/p>\n<p>Seg\u00fan establece la ley, las zonas francas tienen como objetivo impulsar el comercio y la actividad industrial exportadora, facilitando que, el aumento de la eficiencia y la disminuci\u00f3n de los costos asociados a las actividades que se desarrollan en ellas, se extiendan a la inversi\u00f3n y al empleo. Por ello, para Catamarca, contar con una Zona Franca significar\u00e1 dar un salto de calidad y potenciar las exportaciones al mundo, y hacer crecer el sistema productivo provincial.<\/p>\n","protected":false},"excerpt":{"rendered":"<p>La iniciativa se enmarca en la Ley N\u00b024.331, y permitir\u00e1 potenciar el comercio y las exportaciones, atraer inversiones y mejorar<\/p>\n","protected":false},"author":1,"featured_media":34719,"comment_status":"closed","ping_status":"closed","sticky":false,"template":"","format":"standard","meta":{"footnotes":"","jetpack_publicize_message":"","jetpack_publicize_feature_enabled":true,"jetpack_social_post_already_shared":true,"jetpack_social_options":{"image_generator_settings":{"template":"highway","enabled":false},"version":2}},"categories":[2],"tags":[],"class_list":["post-34718","post","type-post","status-publish","format-standard","has-post-thumbnail","hentry","category-locales"],"jetpack_publicize_connections":[],"_links":{"self":[{"href":"https:\/\/diariorepublica.com.ar\/web\/index.php\/wp-json\/wp\/v2\/posts\/34718"}],"collection":[{"href":"https:\/\/diariorepublica.com.ar\/web\/index.php\/wp-json\/wp\/v2\/posts"}],"about":[{"href":"https:\/\/diariorepublica.com.ar\/web\/index.php\/wp-json\/wp\/v2\/types\/post"}],"author":[{"embeddable":true,"href":"https:\/\/diariorepublica.com.ar\/web\/index.php\/wp-json\/wp\/v2\/users\/1"}],"replies":[{"embeddable":true,"href":"https:\/\/diariorepublica.com.ar\/web\/index.php\/wp-json\/wp\/v2\/comments?post=34718"}],"version-history":[{"count":1,"href":"https:\/\/diariorepublica.com.ar\/web\/index.php\/wp-json\/wp\/v2\/posts\/34718\/revisions"}],"predecessor-version":[{"id":34720,"href":"https:\/\/diariorepublica.com.ar\/web\/index.php\/wp-json\/wp\/v2\/posts\/34718\/revisions\/34720"}],"wp:featuredmedia":[{"embeddable":true,"href":"https:\/\/diariorepublica.com.ar\/web\/index.php\/wp-json\/wp\/v2\/media\/34719"}],"wp:attachment":[{"href":"https:\/\/diariorepublica.com.ar\/web\/index.php\/wp-json\/wp\/v2\/media?parent=34718"}],"wp:term":[{"taxonomy":"category","embeddable":true,"href":"https:\/\/diariorepublica.com.ar\/web\/index.php\/wp-json\/wp\/v2\/categories?post=34718"},{"taxonomy":"post_tag","embeddable":true,"href":"https:\/\/diariorepublica.com.ar\/web\/index.php\/wp-json\/wp\/v2\/tags?post=34718"}],"curies":[{"name":"wp","href":"https:\/\/api.w.org\/{rel}","templated":true}]}}