{"id":34721,"date":"2026-09-04T07:24:49","date_gmt":"2026-09-04T10:24:49","guid":{"rendered":"https:\/\/diariorepublica.com.ar\/web\/?p=34721"},"modified":"2026-09-04T07:24:52","modified_gmt":"2026-09-04T10:24:52","slug":"cronograma-de-pago-de-los-haberes-municipales","status":"publish","type":"post","link":"https:\/\/diariorepublica.com.ar\/web\/index.php\/locales\/2026\/09\/04\/cronograma-de-pago-de-los-haberes-municipales\/","title":{"rendered":"Cronograma de pago de los haberes Municipales"},"content":{"rendered":"<p>La Municipalidad de la Capital inform\u00f3 el cronograma correspondiente al pago de los haberes del mes de agosto para los trabajadores municipales, con fechas diferenciadas seg\u00fan la modalidad de cobro.<\/p>\n<p>De acuerdo con lo comunicado oficialmente, el s\u00e1bado 5 de septiembre comenzar\u00e1 la acreditaci\u00f3n de los salarios para los agentes de planta permanente, los beneficiarios del programa Catamarca Ciudad Trabaja y quienes se desempe\u00f1an bajo contratos de locaci\u00f3n de obra.<\/p>\n<p>Asimismo, se inform\u00f3 el esquema para quienes deban percibir sus haberes por ventanilla. En estos casos, la atenci\u00f3n se realizar\u00e1 este viernes 4 de septiembre en la Direcci\u00f3n General de Tesorer\u00eda, de acuerdo con el siguiente cronograma:<br \/>\nDe 8:00 a 13:00.<br \/>\nDe 14:00 a 16:00.<\/p>\n","protected":false},"excerpt":{"rendered":"<p>La Municipalidad de la Capital inform\u00f3 el cronograma correspondiente al pago de los haberes del mes de agosto para los<\/p>\n","protected":false},"author":1,"featured_media":34722,"comment_status":"closed","ping_status":"closed","sticky":false,"template":"","format":"standard","meta":{"footnotes":"","jetpack_publicize_message":"","jetpack_publicize_feature_enabled":true,"jetpack_social_post_already_shared":true,"jetpack_social_options":{"image_generator_settings":{"template":"highway","enabled":false},"version":2}},"categories":[2],"tags":[],"class_list":["post-34721","post","type-post","status-publish","format-standard","has-post-thumbnail","hentry","category-locales"],"jetpack_publicize_connections":[],"_links":{"self":[{"href":"https:\/\/diariorepublica.com.ar\/web\/index.php\/wp-json\/wp\/v2\/posts\/34721"}],"collection":[{"href":"https:\/\/diariorepublica.com.ar\/web\/index.php\/wp-json\/wp\/v2\/posts"}],"about":[{"href":"https:\/\/diariorepublica.com.ar\/web\/index.php\/wp-json\/wp\/v2\/types\/post"}],"author":[{"embeddable":true,"href":"https:\/\/diariorepublica.com.ar\/web\/index.php\/wp-json\/wp\/v2\/users\/1"}],"replies":[{"embeddable":true,"href":"https:\/\/diariorepublica.com.ar\/web\/index.php\/wp-json\/wp\/v2\/comments?post=34721"}],"version-history":[{"count":1,"href":"https:\/\/diariorepublica.com.ar\/web\/index.php\/wp-json\/wp\/v2\/posts\/34721\/revisions"}],"predecessor-version":[{"id":34723,"href":"https:\/\/diariorepublica.com.ar\/web\/index.php\/wp-json\/wp\/v2\/posts\/34721\/revisions\/34723"}],"wp:featuredmedia":[{"embeddable":true,"href":"https:\/\/diariorepublica.com.ar\/web\/index.php\/wp-json\/wp\/v2\/media\/34722"}],"wp:attachment":[{"href":"https:\/\/diariorepublica.com.ar\/web\/index.php\/wp-json\/wp\/v2\/media?parent=34721"}],"wp:term":[{"taxonomy":"category","embeddable":true,"href":"https:\/\/diariorepublica.com.ar\/web\/index.php\/wp-json\/wp\/v2\/categories?post=34721"},{"taxonomy":"post_tag","embeddable":true,"href":"https:\/\/diariorepublica.com.ar\/web\/index.php\/wp-json\/wp\/v2\/tags?post=34721"}],"curies":[{"name":"wp","href":"https:\/\/api.w.org\/{rel}","templated":true}]}}