{"id":34724,"date":"2026-09-04T06:30:00","date_gmt":"2026-09-04T09:30:00","guid":{"rendered":"https:\/\/diariorepublica.com.ar\/web\/?p=34724"},"modified":"2026-09-04T07:32:02","modified_gmt":"2026-09-04T10:32:02","slug":"formula-1-horarios-y-sesiones-que-disputara-franco-colapinto-en-el-gran-premio-de-italia","status":"publish","type":"post","link":"https:\/\/diariorepublica.com.ar\/web\/index.php\/deportes\/2026\/09\/04\/formula-1-horarios-y-sesiones-que-disputara-franco-colapinto-en-el-gran-premio-de-italia\/","title":{"rendered":"F\u00f3rmula 1: horarios y sesiones que disputar\u00e1 Franco Colapinto en el Gran Premio de Italia"},"content":{"rendered":"<article id=\"article-post\" class=\"first\">\n<div class=\"cuerpo\" data-twitter-link=\"https:\/\/twitter.com\/intent\/tweet?url=https:\/\/www.diariopopular.com.ar\/c917953&amp;via=poopulardiario&amp;related=Popular&amp;text=\">\n<p id=\"p-1788457587440-68622\"><strong>Franco Colapinto disputar\u00e1 este fin de semana el Gran Premio de Italia<\/strong>, correspondiente a la decimotercera fecha del\u00a0<strong>campeonato 2026 de F\u00f3rmula 1<\/strong>.\u00a0<strong>La actividad se<\/strong>\u00a0<strong>desarrollar\u00e1 del viernes al domingo, en el Autodromo Nacional de Monza<\/strong>, donde el argentino buscar\u00e1 mejorar el 14\u00b0 puesto conseguido en el Gran Premio de Pa\u00edses Bajos.<\/p>\n<\/div>\n<\/article>\n<article id=\"article-post\">\n<div class=\"cuerpo\" data-twitter-link=\"#TWEMBEDLINK#\">\n<p id=\"p-1788457587440-27775\">El fin de semana estar\u00e1 marcado por las altas temperaturas y las exigencias particulares de Monza para los nuevos monoplazas.\u00a0<strong>La FIA activ\u00f3 una alerta por calor<\/strong>\u00a0<strong>debido a registros superiores a los 32 grados\u00a0<\/strong>y los pilotos podr\u00e1n optar entre utilizar un chaleco refrigerante o sumar 0,5 kilos de lastre al auto.<\/p>\n<\/div>\n<\/article>\n<article id=\"article-post\">\n<div class=\"cuerpo\" data-twitter-link=\"#TWEMBEDLINK#\">\n<p id=\"p-1788457658277-58349\">Las condiciones clim\u00e1ticas ser\u00e1n exigentes durante las tres jornadas. Para el viernes se esperan hasta 36 grados durante la segunda pr\u00e1ctica libre, mientras que la clasificaci\u00f3n del s\u00e1bado podr\u00eda disputarse con unos 35 grados.\u00a0<strong>El domingo, cuando se largue la carrera, la temperatura ambiente rondar\u00eda los 33 grados.<\/strong><\/p>\n<article id=\"article-post\">\n<div class=\"cuerpo\" data-twitter-link=\"#TWEMBEDLINK#\">\n<p id=\"p-1788457658277-62156\">El protocolo de calor contempla dos alternativas para los pilotos: utilizar un chaleco refrigerante dise\u00f1ado para controlar la temperatura corporal o prescindir de \u00e9l y agregar medio kilo de lastre al monoplaza.\u00a0<strong>El sistema de refrigeraci\u00f3n era considerado por la FIA para una utilizaci\u00f3n obligatoria, aunque las objeciones de algunos pilotos por cuestiones de comodidad y efectividad llevaron a mantenerlo como una opci\u00f3n.<\/strong><\/p>\n<\/div>\n<\/article>\n<article id=\"article-post\">\n<div class=\"cuerpo\" data-twitter-link=\"#TWEMBEDLINK#\">\n<p id=\"p-1788457658277-28484\">Monza tambi\u00e9n representa un desaf\u00edo por las caracter\u00edsticas de su trazado.\u00a0<strong>El circuito, inaugurado en 1922 y ubicado dentro del Parque Real de Monza, cerca de Mil\u00e1n, forma parte del calendario de la F\u00f3rmula 1 desde la primera temporada de la categor\u00eda, en 1950, con algunas excepciones.<\/strong>\u00a0Sus largas rectas y pocas curvas le valieron el apodo del\u00a0<strong><em>\u00abTemplo de la Velocidad\u00bb<\/em><\/strong>.<\/p>\n<p id=\"p-1788457658277-95078\">El circuito tiene una longitud de 5,793 kil\u00f3metros, 11 curvas y una distancia total de 306,720 kil\u00f3metros distribuida en 53 vueltas.<strong>\u00a0Cerca del 80% de cada vuelta se realiza con el acelerador a fondo, mientras que las fuertes frenadas despu\u00e9s de las largas rectas generan oportunidades de sobrepaso y obligan a los pilotos a gestionar con precisi\u00f3n la energ\u00eda el\u00e9ctrica. Los pilotos con m\u00e1s victorias son el alem\u00e1n Michael Schumacher y el ingl\u00e9s Lewis Hamilton con 5 victorias cada uno.<\/strong><\/p>\n<h6 id=\"p-1788457331749-28329\"><strong>Cronograma del GP de Italia<\/strong><\/h6>\n<p id=\"p-1788457388059-97779\">(Todo en horario de Argentina)<\/p>\n<p id=\"p-1788457331749-86172\"><strong>Viernes 4 de septiembre:<\/strong><\/p>\n<p id=\"p-1788457331749-13583\" class=\"\"><strong>Pr\u00e1ctica Libre 1:<\/strong>\u00a07:30<\/p>\n<p id=\"p-1788457331749-2045\" class=\"\"><strong>Pr\u00e1ctica Libre 2<\/strong>: 11:00<\/p>\n<p><strong>S\u00e1bado 5 de septiembre:<\/strong><\/p>\n<p id=\"p-1788457331749-66395\" class=\"\"><strong>Pr\u00e1ctica Libre 3:<\/strong>\u00a07:30<\/p>\n<p id=\"p-1788457331749-36455\" class=\"\"><strong>Clasificaci\u00f3n<\/strong>: 11:00<\/p>\n<p id=\"p-1788457331749-93615\"><strong>Domingo 6 de septiembre:<\/strong><\/p>\n<p id=\"p-1788457331749-54419\"><strong>Carrera:<\/strong>\u00a010:00<\/p>\n<div id=\"808035-Libre-691741599_wrap\" class=\"embed_cont type_imagen\" contenteditable=\"false\">\n<div id=\"808035-Libre-691741599_content\" class=\"embed_content\"><img decoding=\"async\" id=\"808035-Libre-691741599_embed\" title=\"Imagenes del trazado del Circuito de Monza.\" src=\"https:\/\/media.diariopopular.com.ar\/p\/151fb9984d56922845ef30a382863fdc\/adjuntos\/143\/imagenes\/008\/254\/0008254517\/1140x0\/smart\/circuito-de-monza-1024x683.jpg\" alt=\"Imagenes del trazado del Circuito de Monza.\" width=\"1140\" height=\"undefined\" longdesc=\"https:\/\/media.diariopopular.com.ar\/p\/151fb9984d56922845ef30a382863fdc\/adjuntos\/143\/imagenes\/008\/254\/0008254517\/1140x0\/smart\/circuito-de-monza-1024x683.jpg\" \/><\/div>\n<div id=\"p-1788457697059-73931\" class=\"embed_wrapper-cont\">\n<div id=\"808035-Libre-691741599_epigrafe\" class=\"embed_epigrafe\">\n<p id=\"p-1788457734954-90526\">Imagenes del trazado del Circuito de Monza.<\/p>\n<\/div>\n<\/div>\n<\/div>\n<\/div>\n<\/article>\n<\/div>\n<\/article>\n","protected":false},"excerpt":{"rendered":"<p>Franco Colapinto disputar\u00e1 este fin de semana el Gran Premio de Italia, correspondiente a la decimotercera fecha del\u00a0campeonato 2026 de<\/p>\n","protected":false},"author":1,"featured_media":34725,"comment_status":"closed","ping_status":"closed","sticky":false,"template":"","format":"standard","meta":{"footnotes":"","jetpack_publicize_message":"","jetpack_publicize_feature_enabled":true,"jetpack_social_post_already_shared":true,"jetpack_social_options":{"image_generator_settings":{"template":"highway","enabled":false},"version":2}},"categories":[9],"tags":[],"class_list":["post-34724","post","type-post","status-publish","format-standard","has-post-thumbnail","hentry","category-deportes"],"jetpack_publicize_connections":[],"_links":{"self":[{"href":"https:\/\/diariorepublica.com.ar\/web\/index.php\/wp-json\/wp\/v2\/posts\/34724"}],"collection":[{"href":"https:\/\/diariorepublica.com.ar\/web\/index.php\/wp-json\/wp\/v2\/posts"}],"about":[{"href":"https:\/\/diariorepublica.com.ar\/web\/index.php\/wp-json\/wp\/v2\/types\/post"}],"author":[{"embeddable":true,"href":"https:\/\/diariorepublica.com.ar\/web\/index.php\/wp-json\/wp\/v2\/users\/1"}],"replies":[{"embeddable":true,"href":"https:\/\/diariorepublica.com.ar\/web\/index.php\/wp-json\/wp\/v2\/comments?post=34724"}],"version-history":[{"count":1,"href":"https:\/\/diariorepublica.com.ar\/web\/index.php\/wp-json\/wp\/v2\/posts\/34724\/revisions"}],"predecessor-version":[{"id":34726,"href":"https:\/\/diariorepublica.com.ar\/web\/index.php\/wp-json\/wp\/v2\/posts\/34724\/revisions\/34726"}],"wp:featuredmedia":[{"embeddable":true,"href":"https:\/\/diariorepublica.com.ar\/web\/index.php\/wp-json\/wp\/v2\/media\/34725"}],"wp:attachment":[{"href":"https:\/\/diariorepublica.com.ar\/web\/index.php\/wp-json\/wp\/v2\/media?parent=34724"}],"wp:term":[{"taxonomy":"category","embeddable":true,"href":"https:\/\/diariorepublica.com.ar\/web\/index.php\/wp-json\/wp\/v2\/categories?post=34724"},{"taxonomy":"post_tag","embeddable":true,"href":"https:\/\/diariorepublica.com.ar\/web\/index.php\/wp-json\/wp\/v2\/tags?post=34724"}],"curies":[{"name":"wp","href":"https:\/\/api.w.org\/{rel}","templated":true}]}}