{"id":34727,"date":"2026-09-04T07:41:18","date_gmt":"2026-09-04T10:41:18","guid":{"rendered":"https:\/\/diariorepublica.com.ar\/web\/?p=34727"},"modified":"2026-09-04T07:41:20","modified_gmt":"2026-09-04T10:41:20","slug":"fin-del-bozal-legal-que-la-afa-habia-colocado-a-periodistas-y-dirigentes-politicos","status":"publish","type":"post","link":"https:\/\/diariorepublica.com.ar\/web\/index.php\/nacionales\/2026\/09\/04\/fin-del-bozal-legal-que-la-afa-habia-colocado-a-periodistas-y-dirigentes-politicos\/","title":{"rendered":"Fin del \u201cbozal legal\u201d que la AFA hab\u00eda colocado a periodistas y dirigentes pol\u00edticos"},"content":{"rendered":"<p><strong>La Justicia revoc\u00f3 el fallo que impon\u00eda \u00abun bozal legal\u00bb a periodistas y a dirigentes pol\u00edticos\u00a0<\/strong>para que no hablen sobre el presidente de la Asociaci\u00f3n del F\u00fatbol Argentino (AFA),\u00a0<strong>Claudio \u00abChiqui\u00bb Tapia\u00a0<\/strong>y del tesorero de la instituci\u00f3n,\u00a0<strong>Pablo Toviggino.<\/strong><\/p>\n<p><strong>La medida hab\u00eda sido solicitada por Tapia<\/strong>\u00a0y\u00a0el juez de Garant\u00edas de Pilar\u00a0<strong>Walter Saettone<\/strong>\u00a0hab\u00eda hecho lugar al pedido. La restricci\u00f3n pesaba sobre los comunicadores\u00a0<strong>Nicol\u00e1s Pizzi, Federico Teijeiro, Bruno Yacono, Luis Gasulla y Mariano Roa\u00a0<\/strong>que hab\u00edan escrito notas sobre las causas judiciales de la AFA y tambi\u00e9n abarcaba a los dirigentes de la Coalici\u00f3n C\u00edvica\u00a0<strong>Leandro Camani, Mat\u00edas Yofe y Facundo Del Gaiso<\/strong>, que hab\u00edan presentado denuncias penales, como por ejemplo, la de la mansi\u00f3n de Pilar.<\/p>\n<p>El bozal prohib\u00eda:<strong>\u00a0todo tipo de contacto con Tapia y Toviggino y sus familias por cualquier medio<\/strong>, acercarse a ellos y\u00a0\u201ca los lugares donde desarrolle sus actividades habituales, en un radio de 500 metros\u201d m\u00e1s la orden de abstenerse \u201cde realizar conductas que impliquen la captaci\u00f3n, reproducci\u00f3n o exposici\u00f3n de datos personales, im\u00e1genes o informaci\u00f3n del \u00e1mbito privado o familiar del denunciante, no quedando alcanzadas por la presente aquellas manifestaciones o referencias vinculadas a su actuaci\u00f3n p\u00fablica o a asuntos de inter\u00e9s general, en tanto no impliquen contacto directo o indirecto con el mismo ni la difusi\u00f3n de datos personales\u201d.<\/p>\n<p>Los periodistas apelaron el fallo y los magistrados de la C\u00e1mara de Apelaciones y Garant\u00edas en lo Penal de San Isidro<strong>\u00a0Gustavo Herbel, Luis Cayuela y Carlos Blanco<\/strong>\u00a0hicieron lugar al planteo.<\/p>\n<p>Herbel sostuvo que a los comunicadores \u201cno se les ha limitado su actividad period\u00edstica \u00fanicamente respecto de la vida privada y familiar de Tapia y Toviggino\u201d sino que las limitaciones tienen consecuencias en su trabajo.<\/p>\n<p>En cuanto a la prohibici\u00f3n de contacto con los dirigentes de AFA, el juez aclar\u00f3 que \u201cno s\u00f3lo abarcar\u00eda el contacto directo con los nombrados, sino tambi\u00e9n<strong>\u00a0cualquier contacto que tenga a ellos como tema o referencia<\/strong>\u201d e hizo hincapie en que incluye los lugares donde Tapia y Toviggino llevaban a cabo sus actividades cotidianas, entre ellos la asociaci\u00f3n de f\u00fatbol.<\/p>\n<p><strong>\u201cLos afectados incluso no podr\u00edan concurrir al Palacio de Justicia de CABA<\/strong>\u00a0ubicado en la calle Talcahuano 550 (cerca de la sede de AFA de la calle Viamonte 1366)\u201d, recalc\u00f3 Herbel.<\/p>\n<p>Repecto a la prohibici\u00f3n de publicar datos personales, el juez advirti\u00f3 que\u00a0<strong>\u201cla prohibici\u00f3n de su uso determinar\u00eda una obstante que restringe la actividad period\u00edstica, instrumento sustancial del derecho a la informaci\u00f3n<\/strong>\u00a0y, por tanto, al control de la actividad desarrollada por personas relevantes en el quehacer p\u00fablico del \u00e1mbito nacional, esencial para cualquier sistema democr\u00e1tico\u201d.<\/p>\n<p>A\u00f1adi\u00f3 que se trata de limitaciones que<strong>\u00a0\u201crestringen su libertad de expresi\u00f3n<\/strong>, que comprende investigar y comunicar, en asuntos de posible inter\u00e9s p\u00fablico, condicionando el ejercicio l\u00edcito de su actividad period\u00edstica\u201d.<\/p>\n<p>Para concluir, enfatiz\u00f3:<strong>\u00a0\u201cExiste libertad de expresi\u00f3n y protecci\u00f3n de la investigaci\u00f3n period\u00edstica, y cuando su publicaci\u00f3n resulte lesiva, ser\u00e1 materia de denuncia judicial y eventual punici\u00f3n\u201d.<\/strong><\/p>\n","protected":false},"excerpt":{"rendered":"<p>La Justicia revoc\u00f3 el fallo que impon\u00eda \u00abun bozal legal\u00bb a periodistas y a dirigentes pol\u00edticos\u00a0para que no hablen sobre<\/p>\n","protected":false},"author":1,"featured_media":34728,"comment_status":"closed","ping_status":"closed","sticky":false,"template":"","format":"standard","meta":{"footnotes":"","jetpack_publicize_message":"","jetpack_publicize_feature_enabled":true,"jetpack_social_post_already_shared":true,"jetpack_social_options":{"image_generator_settings":{"template":"highway","enabled":false},"version":2}},"categories":[4],"tags":[],"class_list":["post-34727","post","type-post","status-publish","format-standard","has-post-thumbnail","hentry","category-nacionales"],"jetpack_publicize_connections":[],"_links":{"self":[{"href":"https:\/\/diariorepublica.com.ar\/web\/index.php\/wp-json\/wp\/v2\/posts\/34727"}],"collection":[{"href":"https:\/\/diariorepublica.com.ar\/web\/index.php\/wp-json\/wp\/v2\/posts"}],"about":[{"href":"https:\/\/diariorepublica.com.ar\/web\/index.php\/wp-json\/wp\/v2\/types\/post"}],"author":[{"embeddable":true,"href":"https:\/\/diariorepublica.com.ar\/web\/index.php\/wp-json\/wp\/v2\/users\/1"}],"replies":[{"embeddable":true,"href":"https:\/\/diariorepublica.com.ar\/web\/index.php\/wp-json\/wp\/v2\/comments?post=34727"}],"version-history":[{"count":1,"href":"https:\/\/diariorepublica.com.ar\/web\/index.php\/wp-json\/wp\/v2\/posts\/34727\/revisions"}],"predecessor-version":[{"id":34729,"href":"https:\/\/diariorepublica.com.ar\/web\/index.php\/wp-json\/wp\/v2\/posts\/34727\/revisions\/34729"}],"wp:featuredmedia":[{"embeddable":true,"href":"https:\/\/diariorepublica.com.ar\/web\/index.php\/wp-json\/wp\/v2\/media\/34728"}],"wp:attachment":[{"href":"https:\/\/diariorepublica.com.ar\/web\/index.php\/wp-json\/wp\/v2\/media?parent=34727"}],"wp:term":[{"taxonomy":"category","embeddable":true,"href":"https:\/\/diariorepublica.com.ar\/web\/index.php\/wp-json\/wp\/v2\/categories?post=34727"},{"taxonomy":"post_tag","embeddable":true,"href":"https:\/\/diariorepublica.com.ar\/web\/index.php\/wp-json\/wp\/v2\/tags?post=34727"}],"curies":[{"name":"wp","href":"https:\/\/api.w.org\/{rel}","templated":true}]}}