{"id":34730,"date":"2026-09-04T07:42:44","date_gmt":"2026-09-04T10:42:44","guid":{"rendered":"https:\/\/diariorepublica.com.ar\/web\/?p=34730"},"modified":"2026-09-04T07:42:46","modified_gmt":"2026-09-04T10:42:46","slug":"copa-sudamericana-piero-maza-sera-el-arbitro-de-boca-ante-san-pablo","status":"publish","type":"post","link":"https:\/\/diariorepublica.com.ar\/web\/index.php\/deportes\/2026\/09\/04\/copa-sudamericana-piero-maza-sera-el-arbitro-de-boca-ante-san-pablo\/","title":{"rendered":"Copa Sudamericana: Piero Maza ser\u00e1 el \u00e1rbitro de Boca ante San Pablo"},"content":{"rendered":"<article id=\"article-post\" class=\"first\">\n<div class=\"cuerpo\" data-twitter-link=\"https:\/\/twitter.com\/intent\/tweet?url=https:\/\/www.diariopopular.com.ar\/c918115&amp;via=poopulardiario&amp;related=Popular&amp;text=\">\n<p id=\"p-1788483409828-26526\"><strong>Piero Maza fue designado por Conmebol para dirigir el partido de ida entre Boca y San Pablo, por los cuartos de final de la Copa Sudamericana<\/strong>. El encuentro se disputar\u00e1 el pr\u00f3ximo martes desde las 21.30 en la Bombonera y ser\u00e1 la quinta vez que el \u00e1rbitro chileno dirija al Xeneize.\u00a0<strong>Su antecedente m\u00e1s recordado es la eliminaci\u00f3n ante Alianza Lima en la Libertadores 2025, una serie que termin\u00f3 definida por penales y fue para el olvido para el club argentino.<\/strong><\/p>\n<\/div>\n<\/article>\n<article id=\"article-post\">\n<div class=\"cuerpo\" data-twitter-link=\"#TWEMBEDLINK#\">\n<p id=\"p-1788483409828-95312\"><strong>Maza ya dirigi\u00f3 a Boca hace pocos d\u00edas, en la victoria por 3-1 ante Recoleta por los octavos de final de la Sudamericana<\/strong>. En aquel encuentro disputado en el Tom\u00e1s Adolfo Duc\u00f3, expuls\u00f3 a Wilfrido B\u00e1ez a instancias del VAR sobre el cierre del primer tiempo y, en la segunda etapa, mostr\u00f3 la roja a Dairon Mosquera. Antes, tambi\u00e9n hab\u00eda estado en el triunfo 1-0 ante Deportivo Cali en 2022 y en el empate frente a Nacional Potos\u00ed por la Sudamericana 2024.<\/p>\n<\/div>\n<\/article>\n<article id=\"article-post\">\n<div class=\"cuerpo\" data-twitter-link=\"#TWEMBEDLINK#\">\n<p id=\"p-1788484418174-21653\"><strong>El antecedente m\u00e1s sensible para Boca se produjo en la Copa Libertadores 2025, cuando Maza dirigi\u00f3 la revancha ante Alianza Lima en la Bombonera<\/strong>. Aquel equipo de Fernando Gago gan\u00f3 2-1, pero la serie qued\u00f3 igualada y se defini\u00f3 desde los doce pasos, donde el conjunto peruano fue m\u00e1s efectivo y avanz\u00f3 de ronda. El chileno tambi\u00e9n cuenta con experiencia en partidos importantes a nivel continental: dirigi\u00f3 la final de la Sudamericana 2025 que Lan\u00fas le gan\u00f3 a Atl\u00e9tico Mineiro y la semifinal de la Libertadores entre Racing y Flamengo.<\/p>\n<\/div>\n<\/article>\n","protected":false},"excerpt":{"rendered":"<p>Piero Maza fue designado por Conmebol para dirigir el partido de ida entre Boca y San Pablo, por los cuartos<\/p>\n","protected":false},"author":1,"featured_media":34731,"comment_status":"closed","ping_status":"closed","sticky":false,"template":"","format":"standard","meta":{"footnotes":"","jetpack_publicize_message":"","jetpack_publicize_feature_enabled":true,"jetpack_social_post_already_shared":true,"jetpack_social_options":{"image_generator_settings":{"template":"highway","enabled":false},"version":2}},"categories":[9],"tags":[],"class_list":["post-34730","post","type-post","status-publish","format-standard","has-post-thumbnail","hentry","category-deportes"],"jetpack_publicize_connections":[],"_links":{"self":[{"href":"https:\/\/diariorepublica.com.ar\/web\/index.php\/wp-json\/wp\/v2\/posts\/34730"}],"collection":[{"href":"https:\/\/diariorepublica.com.ar\/web\/index.php\/wp-json\/wp\/v2\/posts"}],"about":[{"href":"https:\/\/diariorepublica.com.ar\/web\/index.php\/wp-json\/wp\/v2\/types\/post"}],"author":[{"embeddable":true,"href":"https:\/\/diariorepublica.com.ar\/web\/index.php\/wp-json\/wp\/v2\/users\/1"}],"replies":[{"embeddable":true,"href":"https:\/\/diariorepublica.com.ar\/web\/index.php\/wp-json\/wp\/v2\/comments?post=34730"}],"version-history":[{"count":1,"href":"https:\/\/diariorepublica.com.ar\/web\/index.php\/wp-json\/wp\/v2\/posts\/34730\/revisions"}],"predecessor-version":[{"id":34732,"href":"https:\/\/diariorepublica.com.ar\/web\/index.php\/wp-json\/wp\/v2\/posts\/34730\/revisions\/34732"}],"wp:featuredmedia":[{"embeddable":true,"href":"https:\/\/diariorepublica.com.ar\/web\/index.php\/wp-json\/wp\/v2\/media\/34731"}],"wp:attachment":[{"href":"https:\/\/diariorepublica.com.ar\/web\/index.php\/wp-json\/wp\/v2\/media?parent=34730"}],"wp:term":[{"taxonomy":"category","embeddable":true,"href":"https:\/\/diariorepublica.com.ar\/web\/index.php\/wp-json\/wp\/v2\/categories?post=34730"},{"taxonomy":"post_tag","embeddable":true,"href":"https:\/\/diariorepublica.com.ar\/web\/index.php\/wp-json\/wp\/v2\/tags?post=34730"}],"curies":[{"name":"wp","href":"https:\/\/api.w.org\/{rel}","templated":true}]}}