{"id":34736,"date":"2026-09-04T07:58:58","date_gmt":"2026-09-04T10:58:58","guid":{"rendered":"https:\/\/diariorepublica.com.ar\/web\/?p=34736"},"modified":"2026-09-04T07:59:00","modified_gmt":"2026-09-04T10:59:00","slug":"la-primera-aparicion-de-messi-tras-su-retiro-de-la-seleccion","status":"publish","type":"post","link":"https:\/\/diariorepublica.com.ar\/web\/index.php\/deportes\/2026\/09\/04\/la-primera-aparicion-de-messi-tras-su-retiro-de-la-seleccion\/","title":{"rendered":"\u00a0La primera aparici\u00f3n de Messi tras su retiro de la Selecci\u00f3n"},"content":{"rendered":"<article id=\"article-post\" class=\"first\">\n<div class=\"cuerpo\" data-twitter-link=\"https:\/\/twitter.com\/intent\/tweet?url=https:\/\/www.diariopopular.com.ar\/c918121&amp;via=poopulardiario&amp;related=Popular&amp;text=\">\n<p id=\"p-1788486418984-46797\"><strong>Lionel Messi reapareci\u00f3 p\u00fablicamente despu\u00e9s de anunciar su retiro de la Selecci\u00f3n Argentina, en una escena completamente distendida junto a su familia<\/strong>. La Pulga fue filmada mientras miraba a sus hijos jugar en las inferiores de Inter Miami, acompa\u00f1ado por Antonela Roccuzzo, con el mate en la mano y descalzo. La imagen r\u00e1pidamente tom\u00f3 otra dimensi\u00f3n por tratarse de su primera aparici\u00f3n desde el anuncio.<\/p>\n<\/div>\n<\/article>\n<article id=\"article-post\">\n<div class=\"cuerpo\" data-twitter-link=\"#TWEMBEDLINK#\">\n<p id=\"p-1788486418984-28176\">La gran inc\u00f3gnita ahora pasa por si Messi volver\u00e1 a ponerse la camiseta de la Selecci\u00f3n al menos una vez m\u00e1s.\u00a0<strong>La posibilidad est\u00e1 vinculada a los amistosos que Argentina disputar\u00e1 durante la pr\u00f3xima fecha FIFA, entre el 21 de septiembre y el 6 de octubre.<\/strong>\u00a0La AFA trabaja para organizar dos o tres partidos en el pa\u00eds, aunque todav\u00eda no confirm\u00f3 ni las sedes ni los rivales.<\/p>\n<\/div>\n<\/article>\n<article id=\"article-post\">\n<div class=\"cuerpo\" data-twitter-link=\"#TWEMBEDLINK#\">\n<p id=\"p-1788486418984-89681\">Buenos Aires, C\u00f3rdoba y Rosario aparecen como las ciudades que podr\u00edan recibir a la Selecci\u00f3n, mientras contin\u00faan las negociaciones para definir el calendario.\u00a0<strong>Messi, a sus 39 a\u00f1os, atraviesa la etapa final de su carrera y tiene contrato con Inter Miami hasta diciembre de 2028<\/strong>. El equipo marcha segundo en la Conferencia Este de la MLS y busca mantenerse en la pelea por el liderazgo.<\/p>\n<\/div>\n<\/article>\n<article id=\"article-post\">\n<div class=\"cuerpo\" data-twitter-link=\"#TWEMBEDLINK#\">\n<p id=\"p-1788488592599-9789\"><strong>El pr\u00f3ximo compromiso del argentino ser\u00e1 este s\u00e1bado ante Atlanta United, por la jornada 23 de la MLS, desde las 20.30<\/strong>. El encuentro tambi\u00e9n podr\u00eda marcar el debut de Kily Gonz\u00e1lez como entrenador de Inter Miami. Mientras tanto, la atenci\u00f3n estar\u00e1 puesta en cada aparici\u00f3n de Messi y en la posibilidad de que tenga una \u00faltima despedida con la camiseta de la Selecci\u00f3n.<\/p>\n<\/div>\n<\/article>\n<article id=\"article-post\">\n<div class=\"cuerpo\" data-twitter-link=\"#TWEMBEDLINK#\">\n<h6 id=\"p-1788486787223-34316\">La primera aparici\u00f3n de Messi tras su retiro de la Selecci\u00f3n<\/h6>\n<div id=\"embed86_wrap\" class=\"embed_cont type_freetext\" contenteditable=\"false\">\n<div id=\"embed86_content\" class=\"embed_content\">\n<div id=\"embed86_embed\">\n<div class=\"twitter-tweet twitter-tweet-rendered\"><iframe id=\"twitter-widget-0\" class=\"\" title=\"X Post\" src=\"https:\/\/platform.twitter.com\/embed\/Tweet.html?creatorScreenName=diariopopular&amp;dnt=false&amp;embedId=twitter-widget-0&amp;features=eyJ0ZndfdGltZWxpbmVfbGlzdCI6eyJidWNrZXQiOltdLCJ2ZXJzaW9uIjpudWxsfSwidGZ3X2ZvbGxvd2VyX2NvdW50X3N1bnNldCI6eyJidWNrZXQiOnRydWUsInZlcnNpb24iOm51bGx9LCJ0ZndfdHdlZXRfZWRpdF9iYWNrZW5kIjp7ImJ1Y2tldCI6Im9uIiwidmVyc2lvbiI6bnVsbH0sInRmd19yZWZzcmNfc2Vzc2lvbiI6eyJidWNrZXQiOiJvbiIsInZlcnNpb24iOm51bGx9LCJ0ZndfZm9zbnJfc29mdF9pbnRlcnZlbnRpb25zX2VuYWJsZWQiOnsiYnVja2V0Ijoib24iLCJ2ZXJzaW9uIjpudWxsfSwidGZ3X21peGVkX21lZGlhXzE1ODk3Ijp7ImJ1Y2tldCI6InRyZWF0bWVudCIsInZlcnNpb24iOm51bGx9LCJ0ZndfZXhwZXJpbWVudHNfY29va2llX2V4cGlyYXRpb24iOnsiYnVja2V0IjoxMjA5NjAwLCJ2ZXJzaW9uIjpudWxsfSwidGZ3X3Nob3dfYmlyZHdhdGNoX3Bpdm90c19lbmFibGVkIjp7ImJ1Y2tldCI6Im9uIiwidmVyc2lvbiI6bnVsbH0sInRmd19kdXBsaWNhdGVfc2NyaWJlc190b19zZXR0aW5ncyI6eyJidWNrZXQiOiJvbiIsInZlcnNpb24iOm51bGx9LCJ0ZndfdXNlX3Byb2ZpbGVfaW1hZ2Vfc2hhcGVfZW5hYmxlZCI6eyJidWNrZXQiOiJvbiIsInZlcnNpb24iOm51bGx9LCJ0ZndfdmlkZW9faGxzX2R5bmFtaWNfbWFuaWZlc3RzXzE1MDgyIjp7ImJ1Y2tldCI6InRydWVfYml0cmF0ZSIsInZlcnNpb24iOm51bGx9LCJ0ZndfbGVnYWN5X3RpbWVsaW5lX3N1bnNldCI6eyJidWNrZXQiOnRydWUsInZlcnNpb24iOm51bGx9LCJ0ZndfdHdlZXRfZWRpdF9mcm9udGVuZCI6eyJidWNrZXQiOiJvbiIsInZlcnNpb24iOm51bGx9fQ%3D%3D&amp;frame=false&amp;hideCard=false&amp;hideThread=false&amp;id=2095555126320623712&amp;lang=en&amp;maxWidth=560px&amp;origin=https%3A%2F%2Fwww.diariopopular.com.ar%2Ffutbol%2Frelajado-y-familia-la-primera-aparicion-messi-su-retiro-la-seleccion-n918121&amp;sessionId=58f4799d97acd43fbf4a519cc0965466da95bfaa&amp;siteScreenName=diariopopular&amp;theme=light&amp;widgetsVersion=6a3ad42b224df%3A1778106238597&amp;width=550px\" frameborder=\"0\" scrolling=\"no\" allowfullscreen=\"allowfullscreen\" data-tweet-id=\"2095555126320623712\" data-gtm-yt-inspected-13=\"true\" data-mce-fragment=\"1\"><\/iframe><\/div>\n<\/div>\n<\/div>\n<div id=\"p-1788486777054-1393\" class=\"embed_wrapper-cont\">\n<div id=\"embed86_epigrafe\" class=\"embed_epigrafe\"><\/div>\n<\/div>\n<\/div>\n<\/div>\n<\/article>\n","protected":false},"excerpt":{"rendered":"<p>Lionel Messi reapareci\u00f3 p\u00fablicamente despu\u00e9s de anunciar su retiro de la Selecci\u00f3n Argentina, en una escena completamente distendida junto a<\/p>\n","protected":false},"author":1,"featured_media":34737,"comment_status":"closed","ping_status":"closed","sticky":false,"template":"","format":"standard","meta":{"footnotes":"","jetpack_publicize_message":"","jetpack_publicize_feature_enabled":true,"jetpack_social_post_already_shared":true,"jetpack_social_options":{"image_generator_settings":{"template":"highway","enabled":false},"version":2}},"categories":[9],"tags":[],"class_list":["post-34736","post","type-post","status-publish","format-standard","has-post-thumbnail","hentry","category-deportes"],"jetpack_publicize_connections":[],"_links":{"self":[{"href":"https:\/\/diariorepublica.com.ar\/web\/index.php\/wp-json\/wp\/v2\/posts\/34736"}],"collection":[{"href":"https:\/\/diariorepublica.com.ar\/web\/index.php\/wp-json\/wp\/v2\/posts"}],"about":[{"href":"https:\/\/diariorepublica.com.ar\/web\/index.php\/wp-json\/wp\/v2\/types\/post"}],"author":[{"embeddable":true,"href":"https:\/\/diariorepublica.com.ar\/web\/index.php\/wp-json\/wp\/v2\/users\/1"}],"replies":[{"embeddable":true,"href":"https:\/\/diariorepublica.com.ar\/web\/index.php\/wp-json\/wp\/v2\/comments?post=34736"}],"version-history":[{"count":1,"href":"https:\/\/diariorepublica.com.ar\/web\/index.php\/wp-json\/wp\/v2\/posts\/34736\/revisions"}],"predecessor-version":[{"id":34738,"href":"https:\/\/diariorepublica.com.ar\/web\/index.php\/wp-json\/wp\/v2\/posts\/34736\/revisions\/34738"}],"wp:featuredmedia":[{"embeddable":true,"href":"https:\/\/diariorepublica.com.ar\/web\/index.php\/wp-json\/wp\/v2\/media\/34737"}],"wp:attachment":[{"href":"https:\/\/diariorepublica.com.ar\/web\/index.php\/wp-json\/wp\/v2\/media?parent=34736"}],"wp:term":[{"taxonomy":"category","embeddable":true,"href":"https:\/\/diariorepublica.com.ar\/web\/index.php\/wp-json\/wp\/v2\/categories?post=34736"},{"taxonomy":"post_tag","embeddable":true,"href":"https:\/\/diariorepublica.com.ar\/web\/index.php\/wp-json\/wp\/v2\/tags?post=34736"}],"curies":[{"name":"wp","href":"https:\/\/api.w.org\/{rel}","templated":true}]}}