{"id":34739,"date":"2026-09-04T08:00:51","date_gmt":"2026-09-04T11:00:51","guid":{"rendered":"https:\/\/diariorepublica.com.ar\/web\/?p=34739"},"modified":"2026-09-04T08:00:53","modified_gmt":"2026-09-04T11:00:53","slug":"milei-anuncio-sanciones-a-petroleras-que-operen-en-malvinas-y-la-construccion-de-una-base-naval-en-ushuaia","status":"publish","type":"post","link":"https:\/\/diariorepublica.com.ar\/web\/index.php\/politica\/2026\/09\/04\/milei-anuncio-sanciones-a-petroleras-que-operen-en-malvinas-y-la-construccion-de-una-base-naval-en-ushuaia\/","title":{"rendered":"Milei anunci\u00f3 sanciones a petroleras que operen en Malvinas y la construcci\u00f3n de una base naval en Ushuaia"},"content":{"rendered":"<p>El presidente<strong>\u00a0Javier Milei<\/strong>\u00a0anunci\u00f3 este jueves por cadena nacional el\u00a0<strong>env\u00edo al Congreso de un proyecto de ley para endurecer las sanciones contra las empresas que desarrollen actividades econ\u00f3micas en las islas Malvinas<\/strong>\u00a0sin autorizaci\u00f3n argentina. Adem\u00e1s, adelant\u00f3 que firmar\u00e1 un decreto de necesidad y urgencia para solventar la\u00a0<strong>creaci\u00f3n de una base naval en Ushuaia<\/strong>\u00a0como parte de una estrategia destinada a reforzar la presencia del Estado en el Atl\u00e1ntico Sur y respaldar el reclamo de soberan\u00eda sobre el archipi\u00e9lago.<\/p>\n<article class=\"article-body par-2\">\n<div class=\"article-content\">\n<div class=\"news-body-paragraph\" data-twitter-link=\"\">\n<p id=\"p-1788480663983-54204\" data-start=\"627\" data-end=\"1173\">El mandatario realiz\u00f3 el anuncio acompa\u00f1ado por todo su Gabinete desde el Sal\u00f3n Blanco de la Casa Rosada y asegur\u00f3 que las medidas son el resultado de\u00a0<strong>\u201cmeses de trabajo conjunto de distintas \u00e1reas del Estado nacional\u201d<\/strong>.<\/p>\n<\/div>\n<\/div>\n<\/article>\n<article class=\"article-body par-3\">\n<div class=\"article-content\">\n<div class=\"news-body-paragraph\" data-twitter-link=\"\">\n<p id=\"p-1788481546760-17182\" data-start=\"627\" data-end=\"1173\">Durante su mensaje, sostuvo que \u201clas Malvinas son argentinas por historia y por derecho\u00bb y que \u00abno hay discusi\u00f3n al respecto\u201d. En esa l\u00ednea, advirti\u00f3 que\u00a0<strong>\u201clos isle\u00f1os no tienen un derecho leg\u00edtimo de la autodeterminaci\u00f3n\u201d<\/strong>, al recordar que las Naciones Unidas reconocen la existencia de una disputa de soberan\u00eda entre la Argentina y el Reino Unido.<\/p>\n<article class=\"article-body par-4\">\n<div class=\"article-content\">\n<div class=\"news-body-paragraph\" data-twitter-link=\"\">\n<p id=\"p-1788480663983-55944\" data-start=\"1175\" data-end=\"1650\">La iniciativa oficial busca\u00a0<strong>modificar el esquema de sanciones vigente\u00a0<\/strong>para las compa\u00f1\u00edas que participen de actividades vinculadas con la exploraci\u00f3n y explotaci\u00f3n de recursos naturales en las islas. Actualmente, la\u00a0<strong>Ley 26.659<\/strong>\u00a0establece\u00a0<strong>restricciones para la exploraci\u00f3n y extracci\u00f3n de hidrocarburos\u00a0<\/strong>en la Plataforma Continental Argentina sin autorizaci\u00f3n del Estado nacional. Seg\u00fan anticip\u00f3 Milei,\u00a0<strong>el proyecto apuntar\u00e1 a endurecer las penalidades previstas en esa normativa<\/strong>.<\/p>\n<\/div>\n<\/div>\n<\/article>\n<article class=\"article-body par-5\">\n<div class=\"article-content\">\n<div class=\"news-body-paragraph\" data-twitter-link=\"\">\n<p id=\"p-1788480663983-14548\" data-start=\"1652\" data-end=\"2292\" data-is-last-node=\"\" data-is-only-node=\"\">El anuncio se produjo en medio de un escenario internacional que el Gobierno considera favorable para el reclamo argentino. Milei destac\u00f3 que \u201cen el mundo corren vientos favorables a nuestro reclamo\u201d e hizo referencia a las recientes declaraciones del presidente de Estados Unidos,<strong>\u00a0<a href=\"https:\/\/www.a24.com\/politica\/malvinas-que-posicion-mantuvo-estados-unidos-la-soberania-las-islas-lo-largo-la-historia-n1592765\" target=\"_blank\" rel=\"follow noopener\">Donald Trump<\/a><\/strong>, sobre la cuesti\u00f3n Malvinas.<\/p>\n<p id=\"p-1788481331901-64486\" data-start=\"1652\" data-end=\"2292\" data-is-last-node=\"\" data-is-only-node=\"\">\u201cLos Estados Unidos eval\u00faan ese cambio de posici\u00f3n porque saben que tienen un socio confiable\u201d y agreg\u00f3 que\u00a0<strong>\u201csin ellos nada de esto ser\u00eda posible\u201d<\/strong>. En ese marco, advirti\u00f3 que\u00a0<strong>el Gobierno desplegar\u00e1 \u201ctodas las herramientas de Estado para disuadir los actores estatales y no estatales que violenten nuestra soberan\u00eda\u201d<\/strong>.<\/p>\n<p id=\"p-1788482939694-51763\" class=\"\" data--number=\"13\" data-mrf-recirculation=\"Links inline\">\u201c<strong>La Ley N\u00b0 26.659 tiene gran relevancia para sancionar a quienes no reconocen nuestra soberan\u00eda y avanzan en la explotaci\u00f3n de nuestros recursos<\/strong>. Corresponde, sin embargo, modificarla para mejorar las herramientas que nos otorga actualmente para combatir este avance sobre el territorio argentino\u00bb, sostuvo Milei.<\/p>\n<p id=\"p-1788482958328-33145\" class=\"\" data--number=\"13\" data-mrf-recirculation=\"Links inline\">Y agreg\u00f3 que el proyecto de Ley de Defensa de la Soberan\u00eda Nacional, adem\u00e1s de modificar la Ley N\u00b0 26.659,\u00a0<strong>crear\u00e1 un Consejo de Seguridad Nacional\u00a0<\/strong>para \u00abdefinir la pol\u00edtica de seguridad nacional y que \u00e9sta se aplique de forma transversal\u00bb, lo que\u00a0<strong>\u00abpermitir\u00e1 una estrategia coordinada en la defensa de la soberan\u00eda y del territorio nacional, y en la recuperaci\u00f3n de las islas Malvinas\u00bb<\/strong>, precis\u00f3.<\/p>\n<h6 id=\"p-1788482198814-80560\">Milei advirti\u00f3 por la explotaci\u00f3n de petr\u00f3leo en Malvinas<\/h6>\n<p id=\"p-1788482198814-64740\">\u201cMalvinas es el futuro\u201d, sostuvo el mandatario durante su mensaje, en el que tambi\u00e9n repas\u00f3 los antecedentes hist\u00f3ricos de la disputa. El presidente afirm\u00f3 que \u201cen 1833 el Reino Unido ocup\u00f3 las Malvinas, expuls\u00f3 a las autoridades argentinas e instal\u00f3 una situaci\u00f3n colonial que se perpet\u00faa hasta nuestros d\u00edas\u201d.<\/p>\n<p id=\"p-1788482198814-85550\">Adem\u00e1s, plante\u00f3 que\u00a0<strong>\u201cel Estado argentino tiene la obligaci\u00f3n de utilizar todas las herramientas diplom\u00e1ticas, econ\u00f3micas, judiciales y legales disponibles para defender nuestra soberan\u00eda y nuestros recursos\u201d<\/strong>.<\/p>\n<p id=\"p-1788482235251-79516\">Tambi\u00e9n se refiri\u00f3 al proyecto\u00a0<strong>Sea Lion<\/strong>, impulsado por la israel\u00ed\u00a0<strong>Navitas<\/strong>\u00a0y la brit\u00e1nica\u00a0<strong>Rockhopper<\/strong>, que contempla una inversi\u00f3n de U$S 1.800 millones y prev\u00e9 comenzar la\u00a0<strong>producci\u00f3n de petr\u00f3leo en 2028<\/strong>, pese al rechazo de la Argentina.<\/p>\n<p id=\"p-1788482198814-56008\">\u201c<strong>Si hoy no actuamos con firmeza y celeridad en pocos meses tendr\u00e1n la capacidad de apropiarse de las reservas de petr\u00f3leo que yacen bajo nuestro ma<\/strong>r\u201d, advirti\u00f3 el mandatario<\/p>\n<p id=\"p-1788482262783-28786\">Agreg\u00f3 que \u201ceso exige leyes adecuadas, organismos del Estado coordinados y herramientas efectivas para avanzar en un objetivo que trasciende a cualquier gobierno\u201d y manifest\u00f3 que \u201cno alcanza con sostener nuestro reclamo:\u00a0<strong>el Estado argentino tiene la obligaci\u00f3n de utilizar todas las herramientas diplom\u00e1ticas, econ\u00f3micas, judiciales y legales disponibles para defender nuestra soberan\u00eda y nuestros recursos<\/strong>\u201d.<\/p>\n<h6 id=\"p-1788482198814-99222\" data-start=\"1652\" data-end=\"2292\">El DNU para ampliar la presencia naval en Tierra del Fuego<\/h6>\n<p id=\"p-1788482198814-61321\">Milei tambi\u00e9n anunci\u00f3 un DNU destinado a\u00a0<strong>ampliar los recursos del Ministerio de Defensa<\/strong>\u00a0para avanzar en la\u00a0<strong>construcci\u00f3n de una Base Naval Integrada<\/strong>\u00a0en\u00a0<strong>Tierra del Fuego<\/strong>\u00a0y fortalecer las capacidades de telecomunicaciones.<\/p>\n<p id=\"p-1788482198814-93582\">Seg\u00fan explic\u00f3 el presidente, la obra \u201cnos va a convertir en un polo log\u00edstico m\u00e1s importante del Atl\u00e1ntico sur y ser\u00e1 fundamental para la proyecci\u00f3n geopol\u00edtica de la Argentina\u201d.<\/p>\n<h6 id=\"p-1788482486393-56263\">El llamado a la oposici\u00f3n<\/h6>\n<p id=\"p-1788482486393-5376\" data-start=\"200\" data-end=\"533\">Milei tambi\u00e9n\u00a0<strong>convoc\u00f3 a la dirigencia pol\u00edtica y a distintos sectores a respaldar el reclamo argentino<\/strong>\u00a0por la soberan\u00eda de las islas Malvinas y pidi\u00f3 que la posici\u00f3n del pa\u00eds sea sostenida de manera conjunta.\u00a0<strong>\u201cQuiero invitar a toda la dirigencia pol\u00edtica, econ\u00f3mica y social de la Argentina, a sumarse con una misma voz a este reclamo\u201d.<\/strong><\/p>\n<p id=\"p-1788482486393-441\" data-start=\"535\" data-end=\"857\">El presidente remarc\u00f3 adem\u00e1s que considera leg\u00edtimo el reclamo argentino y destac\u00f3 la importancia estrat\u00e9gica que, seg\u00fan plante\u00f3, tienen las islas para el futuro del pa\u00eds. \u201cPorque las islas son nuestras y nos las arrebataron y porque son indispensables para la proyecci\u00f3n de la Argentina en las pr\u00f3ximas d\u00e9cadas\u00bb, expres\u00f3.<\/p>\n<p id=\"p-1788482486393-20870\" data-start=\"859\" data-end=\"1252\" data-is-last-node=\"\" data-is-only-node=\"\">En el cierre de su mensaje, Milei llam\u00f3 a elegir un camino de fortalecimiento de la soberan\u00eda. \u201c<strong>Como naci\u00f3n tenemos por delante dos caminos. O nos convertimos en una gran naci\u00f3n capaz de defender de verdad nuestra soberan\u00eda, o persistimos en un sendero de deterioro que nos conducir\u00e1 inevitablemente al sometimiento<\/strong>\u201d, concluy\u00f3 al tiempo que exclam\u00f3 \u00ab<strong>Viva la patria<\/strong>\u00ab.<\/p>\n<\/div>\n<\/div>\n<\/article>\n<\/div>\n<\/div>\n<\/article>\n","protected":false},"excerpt":{"rendered":"<p>El presidente\u00a0Javier Milei\u00a0anunci\u00f3 este jueves por cadena nacional el\u00a0env\u00edo al Congreso de un proyecto de ley para endurecer las sanciones<\/p>\n","protected":false},"author":1,"featured_media":34740,"comment_status":"closed","ping_status":"closed","sticky":false,"template":"","format":"standard","meta":{"footnotes":"","jetpack_publicize_message":"","jetpack_publicize_feature_enabled":true,"jetpack_social_post_already_shared":true,"jetpack_social_options":{"image_generator_settings":{"template":"highway","enabled":false},"version":2}},"categories":[12],"tags":[],"class_list":["post-34739","post","type-post","status-publish","format-standard","has-post-thumbnail","hentry","category-politica"],"jetpack_publicize_connections":[],"_links":{"self":[{"href":"https:\/\/diariorepublica.com.ar\/web\/index.php\/wp-json\/wp\/v2\/posts\/34739"}],"collection":[{"href":"https:\/\/diariorepublica.com.ar\/web\/index.php\/wp-json\/wp\/v2\/posts"}],"about":[{"href":"https:\/\/diariorepublica.com.ar\/web\/index.php\/wp-json\/wp\/v2\/types\/post"}],"author":[{"embeddable":true,"href":"https:\/\/diariorepublica.com.ar\/web\/index.php\/wp-json\/wp\/v2\/users\/1"}],"replies":[{"embeddable":true,"href":"https:\/\/diariorepublica.com.ar\/web\/index.php\/wp-json\/wp\/v2\/comments?post=34739"}],"version-history":[{"count":1,"href":"https:\/\/diariorepublica.com.ar\/web\/index.php\/wp-json\/wp\/v2\/posts\/34739\/revisions"}],"predecessor-version":[{"id":34741,"href":"https:\/\/diariorepublica.com.ar\/web\/index.php\/wp-json\/wp\/v2\/posts\/34739\/revisions\/34741"}],"wp:featuredmedia":[{"embeddable":true,"href":"https:\/\/diariorepublica.com.ar\/web\/index.php\/wp-json\/wp\/v2\/media\/34740"}],"wp:attachment":[{"href":"https:\/\/diariorepublica.com.ar\/web\/index.php\/wp-json\/wp\/v2\/media?parent=34739"}],"wp:term":[{"taxonomy":"category","embeddable":true,"href":"https:\/\/diariorepublica.com.ar\/web\/index.php\/wp-json\/wp\/v2\/categories?post=34739"},{"taxonomy":"post_tag","embeddable":true,"href":"https:\/\/diariorepublica.com.ar\/web\/index.php\/wp-json\/wp\/v2\/tags?post=34739"}],"curies":[{"name":"wp","href":"https:\/\/api.w.org\/{rel}","templated":true}]}}