{"id":34742,"date":"2026-09-04T08:03:10","date_gmt":"2026-09-04T11:03:10","guid":{"rendered":"https:\/\/diariorepublica.com.ar\/web\/?p=34742"},"modified":"2026-09-04T08:03:12","modified_gmt":"2026-09-04T11:03:12","slug":"identificaron-a-la-pareja-que-hacia-willy-en-la-moto-con-un-bebe","status":"publish","type":"post","link":"https:\/\/diariorepublica.com.ar\/web\/index.php\/locales\/2026\/09\/04\/identificaron-a-la-pareja-que-hacia-willy-en-la-moto-con-un-bebe\/","title":{"rendered":"Identificaron a la pareja que hac\u00eda Willy en la moto con un beb\u00e9"},"content":{"rendered":"<p>A ra\u00edz de haber tomado conocimiento por distintos medios de comunicaci\u00f3n y redes sociales provinciales y nacionales, la polic\u00eda logr\u00f3 identificar a las personas involucradas en las pol\u00e9micas grabaciones que se viralizaron r\u00e1pidamente.<\/p>\n<p>En una de ellas, se ve a una pareja haciendo Willy en la moto con un beb\u00e9 en brazos; y en la otra, una mujer conduce una moto con una lata de cerveza en la mano y una menor, ambas sin casco.<\/p>\n<p>A ra\u00edz de estos videos, y tras una ardua tarea investigativa e iniciar actuaciones de oficio,\u00a0personal de calle de la Seccional Octava, conjuntamente con sus pares de la\u00a0Direcci\u00f3n Inteligencia Criminal de la Polic\u00eda de la Provincia, llegaron hasta un domicilio del Barrio Mi Jard\u00edn, donde procedieron al secuestro de una motocicleta Lucky Aero Moto 110 cc., de color negro, e identificaron a un\u00a0adolescente\u00a0de\u00a014 a\u00f1os, quien ser\u00eda el conductor del rodado que aparece en el video, y a una\u00a0jovencita\u00a0de\u00a015 a\u00f1os, quien ser\u00eda la acompa\u00f1ante que llevaba al ni\u00f1o en brazos.<\/p>\n<p>Asimismo,\u00a0personal de calle de la\u00a0Comisar\u00eda Cuarta\u00a0logr\u00f3 localizar a la\u00a0mujer\u00a0de\u00a042 a\u00f1os, de apellido\u00a0Salado, quien ser\u00eda la presunta infractora que aparece registrada en el otro video, quien en la tarde de hoy, luego de ser citada y presentarse en la seccional, los efectivos policiales la notificaron de distintas infracciones a la Ley Nacional de Tr\u00e1nsito y al C\u00f3digo de Faltas de la Provincia que se le imputan.<\/p>\n<p>Finalmente, tras completar los tr\u00e1mites de rigor, tanto la mujer como los progenitores de los adolescentes quedaron supeditados a la prosecuci\u00f3n de ambas causas.<\/p>\n","protected":false},"excerpt":{"rendered":"<p>A ra\u00edz de haber tomado conocimiento por distintos medios de comunicaci\u00f3n y redes sociales provinciales y nacionales, la polic\u00eda logr\u00f3<\/p>\n","protected":false},"author":1,"featured_media":34743,"comment_status":"closed","ping_status":"closed","sticky":false,"template":"","format":"standard","meta":{"footnotes":"","jetpack_publicize_message":"","jetpack_publicize_feature_enabled":true,"jetpack_social_post_already_shared":true,"jetpack_social_options":{"image_generator_settings":{"template":"highway","enabled":false},"version":2}},"categories":[2],"tags":[],"class_list":["post-34742","post","type-post","status-publish","format-standard","has-post-thumbnail","hentry","category-locales"],"jetpack_publicize_connections":[],"_links":{"self":[{"href":"https:\/\/diariorepublica.com.ar\/web\/index.php\/wp-json\/wp\/v2\/posts\/34742"}],"collection":[{"href":"https:\/\/diariorepublica.com.ar\/web\/index.php\/wp-json\/wp\/v2\/posts"}],"about":[{"href":"https:\/\/diariorepublica.com.ar\/web\/index.php\/wp-json\/wp\/v2\/types\/post"}],"author":[{"embeddable":true,"href":"https:\/\/diariorepublica.com.ar\/web\/index.php\/wp-json\/wp\/v2\/users\/1"}],"replies":[{"embeddable":true,"href":"https:\/\/diariorepublica.com.ar\/web\/index.php\/wp-json\/wp\/v2\/comments?post=34742"}],"version-history":[{"count":1,"href":"https:\/\/diariorepublica.com.ar\/web\/index.php\/wp-json\/wp\/v2\/posts\/34742\/revisions"}],"predecessor-version":[{"id":34744,"href":"https:\/\/diariorepublica.com.ar\/web\/index.php\/wp-json\/wp\/v2\/posts\/34742\/revisions\/34744"}],"wp:featuredmedia":[{"embeddable":true,"href":"https:\/\/diariorepublica.com.ar\/web\/index.php\/wp-json\/wp\/v2\/media\/34743"}],"wp:attachment":[{"href":"https:\/\/diariorepublica.com.ar\/web\/index.php\/wp-json\/wp\/v2\/media?parent=34742"}],"wp:term":[{"taxonomy":"category","embeddable":true,"href":"https:\/\/diariorepublica.com.ar\/web\/index.php\/wp-json\/wp\/v2\/categories?post=34742"},{"taxonomy":"post_tag","embeddable":true,"href":"https:\/\/diariorepublica.com.ar\/web\/index.php\/wp-json\/wp\/v2\/tags?post=34742"}],"curies":[{"name":"wp","href":"https:\/\/api.w.org\/{rel}","templated":true}]}}