{"id":34745,"date":"2026-09-04T10:28:08","date_gmt":"2026-09-04T13:28:08","guid":{"rendered":"https:\/\/diariorepublica.com.ar\/web\/?p=34745"},"modified":"2026-09-04T10:28:10","modified_gmt":"2026-09-04T13:28:10","slug":"colapinto-termino-9-en-la-primera-practica-libre-del-gran-premio-de-italia","status":"publish","type":"post","link":"https:\/\/diariorepublica.com.ar\/web\/index.php\/deportes\/2026\/09\/04\/colapinto-termino-9-en-la-primera-practica-libre-del-gran-premio-de-italia\/","title":{"rendered":"Colapinto termin\u00f3 9\u00b0 en la primera pr\u00e1ctica libre del Gran Premio de Italia"},"content":{"rendered":"<p><b>Franco Colapinto cerr\u00f3 la pr\u00e1ctica libre 1 del Gran Premio de Italia en la novena posici\u00f3n.\u00a0<\/b>El argentino de Alpine estren\u00f3 el nuevo paquete de actualizaciones en Monza,\u00a0<b>complet\u00f3 27 vueltas y marc\u00f3 un tiempo de 1m24s028,<\/b>\u00a0a 1.020 segundos del mejor registro de la sesi\u00f3n que firm\u00f3 Charles Leclerc con Ferrari (1m23s008).<\/p>\n<p><b>El dato m\u00e1s relevante de la pr\u00e1ctica de Colapinto no fue su posici\u00f3n sino su brecha con los rivales directos.<\/b>\u00a0El argentino gir\u00f3 a apenas 0s022 del mejor tiempo de Audi, firmado por Gabriel Bortoleto (8\u00b0), y a 0s226 del registro m\u00e1s destacado de Racing Bulls, obra de Arvid Lindblad (7\u00b0). Una referencia clave en la pelea por ser el mejor del resto.\u00a0Paul Aron, el rookie estonio que reemplaz\u00f3 a Pierre Gasly en el Alpine de la escuder\u00eda, complet\u00f3 23 vueltas y qued\u00f3 d\u00e9cimo con un tiempo de 1m24s177, a 0s149 del argentino.<\/p>\n<p>Colapinto no logr\u00f3 completar un giro r\u00e1pido con gomas rojas durante la sesi\u00f3n, aunque la pr\u00e1ctica fue evaluada de manera positiva como primer contacto con las actualizaciones. El piloto confirmado para Alpine en 2027 lleg\u00f3 a Monza con la expectativa de aprovechar el nuevo paquete aerodin\u00e1mico que Gasly hab\u00eda estrenado en Zandvoort y que ahora est\u00e1 disponible para los dos autos por primera vez.<\/p>\n<p>Ferrari le dio al p\u00fablico de Monza exactamente lo que quer\u00eda ver.<b>\u00a0Leclerc fue el m\u00e1s r\u00e1pido con 1m23s008 y Hamilton complet\u00f3 el 1-2 con 1m23s181<\/b>.<u>\u00a0Russell qued\u00f3 tercero con el Mercedes en 1m23s312.<\/u>\u00a0Los tres rodaron con el neum\u00e1tico medio para marcar sus mejores registros.<\/p>\n<p>La sesi\u00f3n tambi\u00e9n tuvo la particularidad de contar con cuatro rookies que reemplazaron a pilotos titulares en cumplimiento de la obligaci\u00f3n reglamentaria de la F1 de ceder los asientos dos veces por temporada en una pr\u00e1ctica libre. Adem\u00e1s de Aron en el Alpine de Gasly (10\u00b0),\u00a0<b>Luke Browning ocup\u00f3 el Williams de Alex Albon (15\u00b0), Ayumu Iwasa el Red Bull de Verstappen (17\u00b0) y Colton Herta el Cadillac de Checo P\u00e9rez,<\/b>\u00a0aunque el estadounidense apenas complet\u00f3 cinco vueltas por problemas en el monoplaza.<\/p>\n","protected":false},"excerpt":{"rendered":"<p>Franco Colapinto cerr\u00f3 la pr\u00e1ctica libre 1 del Gran Premio de Italia en la novena posici\u00f3n.\u00a0El argentino de Alpine estren\u00f3<\/p>\n","protected":false},"author":1,"featured_media":34746,"comment_status":"closed","ping_status":"closed","sticky":false,"template":"","format":"standard","meta":{"footnotes":"","jetpack_publicize_message":"","jetpack_publicize_feature_enabled":true,"jetpack_social_post_already_shared":true,"jetpack_social_options":{"image_generator_settings":{"template":"highway","enabled":false},"version":2}},"categories":[9],"tags":[],"class_list":["post-34745","post","type-post","status-publish","format-standard","has-post-thumbnail","hentry","category-deportes"],"jetpack_publicize_connections":[],"_links":{"self":[{"href":"https:\/\/diariorepublica.com.ar\/web\/index.php\/wp-json\/wp\/v2\/posts\/34745"}],"collection":[{"href":"https:\/\/diariorepublica.com.ar\/web\/index.php\/wp-json\/wp\/v2\/posts"}],"about":[{"href":"https:\/\/diariorepublica.com.ar\/web\/index.php\/wp-json\/wp\/v2\/types\/post"}],"author":[{"embeddable":true,"href":"https:\/\/diariorepublica.com.ar\/web\/index.php\/wp-json\/wp\/v2\/users\/1"}],"replies":[{"embeddable":true,"href":"https:\/\/diariorepublica.com.ar\/web\/index.php\/wp-json\/wp\/v2\/comments?post=34745"}],"version-history":[{"count":1,"href":"https:\/\/diariorepublica.com.ar\/web\/index.php\/wp-json\/wp\/v2\/posts\/34745\/revisions"}],"predecessor-version":[{"id":34747,"href":"https:\/\/diariorepublica.com.ar\/web\/index.php\/wp-json\/wp\/v2\/posts\/34745\/revisions\/34747"}],"wp:featuredmedia":[{"embeddable":true,"href":"https:\/\/diariorepublica.com.ar\/web\/index.php\/wp-json\/wp\/v2\/media\/34746"}],"wp:attachment":[{"href":"https:\/\/diariorepublica.com.ar\/web\/index.php\/wp-json\/wp\/v2\/media?parent=34745"}],"wp:term":[{"taxonomy":"category","embeddable":true,"href":"https:\/\/diariorepublica.com.ar\/web\/index.php\/wp-json\/wp\/v2\/categories?post=34745"},{"taxonomy":"post_tag","embeddable":true,"href":"https:\/\/diariorepublica.com.ar\/web\/index.php\/wp-json\/wp\/v2\/tags?post=34745"}],"curies":[{"name":"wp","href":"https:\/\/api.w.org\/{rel}","templated":true}]}}