{"id":34751,"date":"2026-09-04T11:12:42","date_gmt":"2026-09-04T14:12:42","guid":{"rendered":"https:\/\/diariorepublica.com.ar\/web\/?p=34751"},"modified":"2026-09-04T11:12:43","modified_gmt":"2026-09-04T14:12:43","slug":"se-reunio-la-mesa-de-litio-en-salta","status":"publish","type":"post","link":"https:\/\/diariorepublica.com.ar\/web\/index.php\/sociedad\/2026\/09\/04\/se-reunio-la-mesa-de-litio-en-salta\/","title":{"rendered":"Se reuni\u00f3 la\u00a0Mesa de Litio en Salta"},"content":{"rendered":"<p>Se reuni\u00f3 la\u00a0<strong>Mesa de Litio en Salta<\/strong>\u00a0junto a las provincias de Jujuy y Catamarca en el marco de<strong>\u00a0Argentina Mining Norte<\/strong>.<\/p>\n<p>Durante el evento, l<strong>a ministra de Miner\u00eda de Catamarca, Ing. Teresita Regalado<\/strong>, destac\u00f3 la importancia de\u00a0<strong>fortalecer los procesos de participaci\u00f3n ciudadana<\/strong>\u00a0vinculados a la evaluaci\u00f3n y aprobaci\u00f3n de los Informes de Impacto Ambiental.<\/p>\n<p>La funcionaria\u00a0<strong>resalt\u00f3 adem\u00e1s el trabajo coordinado que lleva adelante el equipo interinstitucional del Gobierno Provincial<\/strong>, as\u00ed como la creciente participaci\u00f3n de las comunidades locales, que con el paso del tiempo muestran un mayor inter\u00e9s por conocer, involucrarse y ser parte del desarrollo de la actividad minera.<\/p>\n<p>En este sentido,\u00a0<strong>Regalado puso en valor el rol de los Centros de Control Minero Ambienta<\/strong>l, distribuidos en seis sedes del interior provincial, como espacios que funcionan como nexo entre las comunidades y el Ministerio de Miner\u00eda, acercando informaci\u00f3n, promoviendo la participaci\u00f3n y fortaleciendo la presencia del Estado en el territorio.<\/p>\n<p>Desaf\u00edos<\/p>\n<p>De cara a los pr\u00f3ximos cinco a\u00f1os, la ministra plante\u00f3 como desaf\u00edo seguir fortaleciendo la actividad minera y lograr que su crecimiento se traduzca en mayores oportunidades para los catamarque\u00f1os. Continuar trabajando para fortalecer la actividad minera, la mano de obra que se extienda a la ocupaci\u00f3n de cargos y roles de decisi\u00f3n, la contrataci\u00f3n de proveedores mineros, en definitiva, que hayan\u00a0<strong>m\u00e1s \u00abcascos blancos catamarque\u00f1os en la actividad minera provincial<\/strong>\u00ab, se\u00f1al\u00f3.<\/p>\n","protected":false},"excerpt":{"rendered":"<p>Se reuni\u00f3 la\u00a0Mesa de Litio en Salta\u00a0junto a las provincias de Jujuy y Catamarca en el marco de\u00a0Argentina Mining Norte.<\/p>\n","protected":false},"author":1,"featured_media":34752,"comment_status":"closed","ping_status":"closed","sticky":false,"template":"","format":"standard","meta":{"footnotes":"","jetpack_publicize_message":"","jetpack_publicize_feature_enabled":true,"jetpack_social_post_already_shared":true,"jetpack_social_options":{"image_generator_settings":{"template":"highway","enabled":false},"version":2}},"categories":[3],"tags":[],"class_list":["post-34751","post","type-post","status-publish","format-standard","has-post-thumbnail","hentry","category-sociedad"],"jetpack_publicize_connections":[],"_links":{"self":[{"href":"https:\/\/diariorepublica.com.ar\/web\/index.php\/wp-json\/wp\/v2\/posts\/34751"}],"collection":[{"href":"https:\/\/diariorepublica.com.ar\/web\/index.php\/wp-json\/wp\/v2\/posts"}],"about":[{"href":"https:\/\/diariorepublica.com.ar\/web\/index.php\/wp-json\/wp\/v2\/types\/post"}],"author":[{"embeddable":true,"href":"https:\/\/diariorepublica.com.ar\/web\/index.php\/wp-json\/wp\/v2\/users\/1"}],"replies":[{"embeddable":true,"href":"https:\/\/diariorepublica.com.ar\/web\/index.php\/wp-json\/wp\/v2\/comments?post=34751"}],"version-history":[{"count":1,"href":"https:\/\/diariorepublica.com.ar\/web\/index.php\/wp-json\/wp\/v2\/posts\/34751\/revisions"}],"predecessor-version":[{"id":34753,"href":"https:\/\/diariorepublica.com.ar\/web\/index.php\/wp-json\/wp\/v2\/posts\/34751\/revisions\/34753"}],"wp:featuredmedia":[{"embeddable":true,"href":"https:\/\/diariorepublica.com.ar\/web\/index.php\/wp-json\/wp\/v2\/media\/34752"}],"wp:attachment":[{"href":"https:\/\/diariorepublica.com.ar\/web\/index.php\/wp-json\/wp\/v2\/media?parent=34751"}],"wp:term":[{"taxonomy":"category","embeddable":true,"href":"https:\/\/diariorepublica.com.ar\/web\/index.php\/wp-json\/wp\/v2\/categories?post=34751"},{"taxonomy":"post_tag","embeddable":true,"href":"https:\/\/diariorepublica.com.ar\/web\/index.php\/wp-json\/wp\/v2\/tags?post=34751"}],"curies":[{"name":"wp","href":"https:\/\/api.w.org\/{rel}","templated":true}]}}