{"id":34754,"date":"2026-09-04T11:27:01","date_gmt":"2026-09-04T14:27:01","guid":{"rendered":"https:\/\/diariorepublica.com.ar\/web\/?p=34754"},"modified":"2026-09-04T11:27:03","modified_gmt":"2026-09-04T14:27:03","slug":"con-gran-convocatoria-iniciaron-los-talleres-de-instrumentos-de-la-vicegobernacion","status":"publish","type":"post","link":"https:\/\/diariorepublica.com.ar\/web\/index.php\/locales\/2026\/09\/04\/con-gran-convocatoria-iniciaron-los-talleres-de-instrumentos-de-la-vicegobernacion\/","title":{"rendered":"Con gran convocatoria iniciaron los talleres de instrumentos de la Vicegobernaci\u00f3n"},"content":{"rendered":"<div>Con una importante concurrencia de participantes, dieron inicio los talleres gratuitos de instrumentos musicales impulsados por la Vicegobernaci\u00f3n de la provincia que conduce Rub\u00e9n Dusso en las instalaciones de la Biblioteca del Senado \u00abMario Dardo Aguirre\u00bb, a trav\u00e9s del programa de apoyo integral al arte catamarque\u00f1o \u00abCultura Activa\u00bb.<\/p>\n<p>La jornada de apertura cont\u00f3 con el acompa\u00f1amiento del subsecretario de Coordinaci\u00f3n y T\u00e9cnica, Julio Macedo, junto al coordinador de Cultura de la Vicegobernaci\u00f3n, Agust\u00edn Isasmendi, y el profesor Marcelo Maldonado, a cargo de las capacitaciones.<\/p>\n<p>Con la propuesta, la Vicegobernaci\u00f3n busca de esta manera seguir promoviendo espacios gratuitos de formaci\u00f3n art\u00edstica, integraci\u00f3n y desarrollo cultural para la comunidad.<\/p>\n<p>\u00abEstamos felices de poder brindar este espacio gratuito y abierto para toda persona de la comunidad con el deseo de iniciarse en nuestra m\u00fasica a trav\u00e9s de un instrumento\u00bb, expres\u00f3 Julio Macedo.<\/p>\n<p>Los talleres se dictan todos los mi\u00e9rcoles en la Biblioteca del Senado en los siguientes horarios:<br \/>\nTaller de Guitarra: 17:30 hs y 18:30 hs.<br \/>\nTaller de Bombo Leg\u00fcero: 19:30 hs.<\/p>\n<p><b>Sobre el programa<\/b><\/p>\n<p>Con una mirada inclusiva y federal, \u201cCultura Activa\u201d busca acompa\u00f1ar a las y los hacedores de todas las disciplinas \u2014m\u00fasica, artes esc\u00e9nicas, gesti\u00f3n administrativa, dise\u00f1o y producciones audiovisuales y fotogr\u00e1ficas\u2014 brindando un soporte real que fortalezca las industrias creativas de Catamarca y genere nuevas oportunidades de trabajo, integraci\u00f3n y expresi\u00f3n en cada rinc\u00f3n de la provincia.<\/p><\/div>\n<div><\/div>\n","protected":false},"excerpt":{"rendered":"<p>Con una importante concurrencia de participantes, dieron inicio los talleres gratuitos de instrumentos musicales impulsados por la Vicegobernaci\u00f3n de la<\/p>\n","protected":false},"author":1,"featured_media":34755,"comment_status":"closed","ping_status":"closed","sticky":false,"template":"","format":"standard","meta":{"footnotes":"","jetpack_publicize_message":"","jetpack_publicize_feature_enabled":true,"jetpack_social_post_already_shared":true,"jetpack_social_options":{"image_generator_settings":{"template":"highway","enabled":false},"version":2}},"categories":[2],"tags":[],"class_list":["post-34754","post","type-post","status-publish","format-standard","has-post-thumbnail","hentry","category-locales"],"jetpack_publicize_connections":[],"_links":{"self":[{"href":"https:\/\/diariorepublica.com.ar\/web\/index.php\/wp-json\/wp\/v2\/posts\/34754"}],"collection":[{"href":"https:\/\/diariorepublica.com.ar\/web\/index.php\/wp-json\/wp\/v2\/posts"}],"about":[{"href":"https:\/\/diariorepublica.com.ar\/web\/index.php\/wp-json\/wp\/v2\/types\/post"}],"author":[{"embeddable":true,"href":"https:\/\/diariorepublica.com.ar\/web\/index.php\/wp-json\/wp\/v2\/users\/1"}],"replies":[{"embeddable":true,"href":"https:\/\/diariorepublica.com.ar\/web\/index.php\/wp-json\/wp\/v2\/comments?post=34754"}],"version-history":[{"count":1,"href":"https:\/\/diariorepublica.com.ar\/web\/index.php\/wp-json\/wp\/v2\/posts\/34754\/revisions"}],"predecessor-version":[{"id":34756,"href":"https:\/\/diariorepublica.com.ar\/web\/index.php\/wp-json\/wp\/v2\/posts\/34754\/revisions\/34756"}],"wp:featuredmedia":[{"embeddable":true,"href":"https:\/\/diariorepublica.com.ar\/web\/index.php\/wp-json\/wp\/v2\/media\/34755"}],"wp:attachment":[{"href":"https:\/\/diariorepublica.com.ar\/web\/index.php\/wp-json\/wp\/v2\/media?parent=34754"}],"wp:term":[{"taxonomy":"category","embeddable":true,"href":"https:\/\/diariorepublica.com.ar\/web\/index.php\/wp-json\/wp\/v2\/categories?post=34754"},{"taxonomy":"post_tag","embeddable":true,"href":"https:\/\/diariorepublica.com.ar\/web\/index.php\/wp-json\/wp\/v2\/tags?post=34754"}],"curies":[{"name":"wp","href":"https:\/\/api.w.org\/{rel}","templated":true}]}}