{"id":34757,"date":"2026-09-04T12:18:17","date_gmt":"2026-09-04T15:18:17","guid":{"rendered":"https:\/\/diariorepublica.com.ar\/web\/?p=34757"},"modified":"2026-09-04T12:18:20","modified_gmt":"2026-09-04T15:18:20","slug":"colapinto-11-en-la-segunda-practica-libre-en-monza","status":"publish","type":"post","link":"https:\/\/diariorepublica.com.ar\/web\/index.php\/deportes\/2026\/09\/04\/colapinto-11-en-la-segunda-practica-libre-en-monza\/","title":{"rendered":"Colapinto 11\u00b0 en la segunda pr\u00e1ctica libre en Monza"},"content":{"rendered":"<p>El piloto argentino qued\u00f3 11\u00ba en el segundo entrenamiento y apunta a pelear por un lugar en la Q3 en la clasificaci\u00f3n de este s\u00e1bado. Pierre Gasly, quien no gir\u00f3 en el primer ensayo, fue 14\u00ba.<\/p>\n<p>En el primer entrenamiento (fue noveno) se not\u00f3 un mejor rendimiento en el A526 del argentino, m\u00e1s all\u00e1 de alg\u00fan problema de p\u00e9rdida de potencia que sufri\u00f3 justo en el momento de buscar la vuelta con neum\u00e1ticos blandos. Esas buenas sensaciones que hab\u00eda tenido en el ensayo inicial, se confirmaron en el segundo en el que finaliz\u00f3 11\u00ba.<\/p>\n<p>Colapinto marc\u00f3 1m23s619 en la mejor de sus 27 vueltas completadas al trazado emplazado en la regi\u00f3n de Lombard\u00eda. El piloto argentino gir\u00f3 con neum\u00e1ticos duros y blandos, a diferencia del primer ensayo en el que realiz\u00f3 la mayor parte de la sesi\u00f3n con los medios. La utilizaci\u00f3n de todos los compuestos marca que Alpine (como el resto porque lo mismo hicieron todos) realiz\u00f3 un an\u00e1lisis de ritmo de carrera para armar la estrategia para la carrera del domingo en la extremadamente calurosa pista.<\/p>\n<p>\u00a0<\/p>\n\n\n<figure class=\"wp-block-embed is-type-rich is-provider-x wp-block-embed-x\"><div class=\"wp-block-embed__wrapper\">\n<blockquote class=\"twitter-tweet\" data-width=\"550\" data-dnt=\"true\"><p lang=\"en\" dir=\"ltr\">Now it&#39;s Colapinto&#39;s turn to almost lose it&#8230;<br><br>Massive moment for Franco out of the Ascari chicane but he holds on \ud83d\udc4f<a href=\"https:\/\/x.com\/hashtag\/F1?src=hash&amp;ref_src=twsrc%5Etfw\">#F1<\/a> <a href=\"https:\/\/x.com\/hashtag\/ItalianGP?src=hash&amp;ref_src=twsrc%5Etfw\">#ItalianGP<\/a> <a href=\"https:\/\/t.co\/fhRYeFlCYy\">pic.twitter.com\/fhRYeFlCYy<\/a><\/p>&mdash; Formula 1 (@F1) <a href=\"https:\/\/x.com\/F1\/status\/2095889531803181401?ref_src=twsrc%5Etfw\">September 4, 2026<\/a><\/blockquote><script async src=\"https:\/\/platform.x.com\/widgets.js\" charset=\"utf-8\"><\/script>\n<\/div><\/figure>\n","protected":false},"excerpt":{"rendered":"<p>El piloto argentino qued\u00f3 11\u00ba en el segundo entrenamiento y apunta a pelear por un lugar en la Q3 en<\/p>\n","protected":false},"author":1,"featured_media":34758,"comment_status":"closed","ping_status":"closed","sticky":false,"template":"","format":"standard","meta":{"footnotes":"","jetpack_publicize_message":"","jetpack_publicize_feature_enabled":true,"jetpack_social_post_already_shared":true,"jetpack_social_options":{"image_generator_settings":{"template":"highway","enabled":false},"version":2}},"categories":[9],"tags":[],"class_list":["post-34757","post","type-post","status-publish","format-standard","has-post-thumbnail","hentry","category-deportes"],"jetpack_publicize_connections":[],"_links":{"self":[{"href":"https:\/\/diariorepublica.com.ar\/web\/index.php\/wp-json\/wp\/v2\/posts\/34757"}],"collection":[{"href":"https:\/\/diariorepublica.com.ar\/web\/index.php\/wp-json\/wp\/v2\/posts"}],"about":[{"href":"https:\/\/diariorepublica.com.ar\/web\/index.php\/wp-json\/wp\/v2\/types\/post"}],"author":[{"embeddable":true,"href":"https:\/\/diariorepublica.com.ar\/web\/index.php\/wp-json\/wp\/v2\/users\/1"}],"replies":[{"embeddable":true,"href":"https:\/\/diariorepublica.com.ar\/web\/index.php\/wp-json\/wp\/v2\/comments?post=34757"}],"version-history":[{"count":1,"href":"https:\/\/diariorepublica.com.ar\/web\/index.php\/wp-json\/wp\/v2\/posts\/34757\/revisions"}],"predecessor-version":[{"id":34759,"href":"https:\/\/diariorepublica.com.ar\/web\/index.php\/wp-json\/wp\/v2\/posts\/34757\/revisions\/34759"}],"wp:featuredmedia":[{"embeddable":true,"href":"https:\/\/diariorepublica.com.ar\/web\/index.php\/wp-json\/wp\/v2\/media\/34758"}],"wp:attachment":[{"href":"https:\/\/diariorepublica.com.ar\/web\/index.php\/wp-json\/wp\/v2\/media?parent=34757"}],"wp:term":[{"taxonomy":"category","embeddable":true,"href":"https:\/\/diariorepublica.com.ar\/web\/index.php\/wp-json\/wp\/v2\/categories?post=34757"},{"taxonomy":"post_tag","embeddable":true,"href":"https:\/\/diariorepublica.com.ar\/web\/index.php\/wp-json\/wp\/v2\/tags?post=34757"}],"curies":[{"name":"wp","href":"https:\/\/api.w.org\/{rel}","templated":true}]}}