{"id":34760,"date":"2026-09-04T12:21:09","date_gmt":"2026-09-04T15:21:09","guid":{"rendered":"https:\/\/diariorepublica.com.ar\/web\/?p=34760"},"modified":"2026-09-04T12:21:11","modified_gmt":"2026-09-04T15:21:11","slug":"el-marcaton-medicamentos-entrara-en-vigencia-el-lunes-14","status":"publish","type":"post","link":"https:\/\/diariorepublica.com.ar\/web\/index.php\/locales\/2026\/09\/04\/el-marcaton-medicamentos-entrara-en-vigencia-el-lunes-14\/","title":{"rendered":"El Marcat\u00f3n Medicamentos entrar\u00e1 en vigencia el lunes 14"},"content":{"rendered":"<p>El Gobierno de Catamarca pondr\u00e1 en vigencia desde el pr\u00f3ximo lunes 14 el programa Marcat\u00f3n Medicamentos, una iniciativa que contempla beneficios para la compra de medicamentos en farmacias adheridas de toda la provincia.<\/p>\n<p>La informaci\u00f3n fue confirmada por la secretaria de Finanzas P\u00fablicas del Ministerio de Hacienda y Obras P\u00fablicas, licenciada Virginia Jerez, quien estim\u00f3 que alrededor de 200 farmacias se sumar\u00e1n a la propuesta.<\/p>\n<p>Seg\u00fan explic\u00f3 la funcionaria, la operatoria contempla un descuento del 20%, con un tope de reintegro de hasta $80.000 por compra. El beneficio ser\u00e1 aplicable independientemente de los descuentos que pudieran corresponder a los afiliados a trav\u00e9s de sus respectivas obras sociales.<\/p>\n<p>De esta manera, el programa busca generar un alivio econ\u00f3mico para los consumidores al momento de adquirir medicamentos, mediante una red de establecimientos adheridos distribuidos en distintos puntos de la provincia.<\/p>\n<p>El Marcat\u00f3n Medicamentos comenzar\u00e1 a regir formalmente el lunes 14, con la expectativa oficial de alcanzar a una importante cantidad de beneficiarios a trav\u00e9s de la adhesi\u00f3n de las farmacias.<\/p>\n","protected":false},"excerpt":{"rendered":"<p>El Gobierno de Catamarca pondr\u00e1 en vigencia desde el pr\u00f3ximo lunes 14 el programa Marcat\u00f3n Medicamentos, una iniciativa que contempla<\/p>\n","protected":false},"author":1,"featured_media":34761,"comment_status":"closed","ping_status":"closed","sticky":false,"template":"","format":"standard","meta":{"footnotes":"","jetpack_publicize_message":"","jetpack_publicize_feature_enabled":true,"jetpack_social_post_already_shared":true,"jetpack_social_options":{"image_generator_settings":{"template":"highway","enabled":false},"version":2}},"categories":[2],"tags":[],"class_list":["post-34760","post","type-post","status-publish","format-standard","has-post-thumbnail","hentry","category-locales"],"jetpack_publicize_connections":[],"_links":{"self":[{"href":"https:\/\/diariorepublica.com.ar\/web\/index.php\/wp-json\/wp\/v2\/posts\/34760"}],"collection":[{"href":"https:\/\/diariorepublica.com.ar\/web\/index.php\/wp-json\/wp\/v2\/posts"}],"about":[{"href":"https:\/\/diariorepublica.com.ar\/web\/index.php\/wp-json\/wp\/v2\/types\/post"}],"author":[{"embeddable":true,"href":"https:\/\/diariorepublica.com.ar\/web\/index.php\/wp-json\/wp\/v2\/users\/1"}],"replies":[{"embeddable":true,"href":"https:\/\/diariorepublica.com.ar\/web\/index.php\/wp-json\/wp\/v2\/comments?post=34760"}],"version-history":[{"count":1,"href":"https:\/\/diariorepublica.com.ar\/web\/index.php\/wp-json\/wp\/v2\/posts\/34760\/revisions"}],"predecessor-version":[{"id":34762,"href":"https:\/\/diariorepublica.com.ar\/web\/index.php\/wp-json\/wp\/v2\/posts\/34760\/revisions\/34762"}],"wp:featuredmedia":[{"embeddable":true,"href":"https:\/\/diariorepublica.com.ar\/web\/index.php\/wp-json\/wp\/v2\/media\/34761"}],"wp:attachment":[{"href":"https:\/\/diariorepublica.com.ar\/web\/index.php\/wp-json\/wp\/v2\/media?parent=34760"}],"wp:term":[{"taxonomy":"category","embeddable":true,"href":"https:\/\/diariorepublica.com.ar\/web\/index.php\/wp-json\/wp\/v2\/categories?post=34760"},{"taxonomy":"post_tag","embeddable":true,"href":"https:\/\/diariorepublica.com.ar\/web\/index.php\/wp-json\/wp\/v2\/tags?post=34760"}],"curies":[{"name":"wp","href":"https:\/\/api.w.org\/{rel}","templated":true}]}}