{"id":3484,"date":"2023-06-02T09:33:00","date_gmt":"2023-06-02T12:33:00","guid":{"rendered":"https:\/\/diariorepublica.com.ar\/web\/?p=3484"},"modified":"2023-06-02T07:34:37","modified_gmt":"2023-06-02T10:34:37","slug":"almiron-se-quejo-del-arbitraje-volvio-a-perjudicarnos","status":"publish","type":"post","link":"https:\/\/diariorepublica.com.ar\/web\/index.php\/deportes\/2023\/06\/02\/almiron-se-quejo-del-arbitraje-volvio-a-perjudicarnos\/","title":{"rendered":"Almir\u00f3n se quej\u00f3 del arbitraje: \u00abVolvi\u00f3 a perjudicarnos\u00bb"},"content":{"rendered":"<article id=\"article-post\" class=\"first\">\n<div class=\"cuerpo\" data-twitter-link=\"https:\/\/twitter.com\/intent\/tweet?url=https:\/\/www.diariopopular.com.ar\/c719017&amp;via=poopulardiario&amp;related=Popular&amp;text=\">\n<p>El director t\u00e9cnico de Boca Juniors,<strong>\u00a0Jorge Almir\u00f3n<\/strong>, cuestion\u00f3 el desempe\u00f1o del \u00e1rbitro Leandro Rey Hilfer en la\u00a0derrota\u00a01-0 contra Arsenal, por la decimovena fecha de la Liga Profesional, y revel\u00f3 que \u00abel malestar de los jugadores es muy grande\u00bb por los fallos cobrados en contra.<\/p>\n<\/div>\n<\/article>\n<article id=\"article-post\">\n<div class=\"cuerpo\" data-twitter-link=\"https:\/\/twitter.com\/intent\/tweet?url=https:\/\/www.diariopopular.com.ar\/c719017&amp;via=poopulardiario&amp;related=Popular&amp;text=\">\n<p>\u00abEl malestar de los jugadores y del cuerpo t\u00e9cnico es muy grande, porque el \u00e1rbitro volvi\u00f3 a perjudicarnos con la expulsi\u00f3n de Marcelo Weingandt. ya que \u00e9l va a buscar una pelota y toca sin querer a Joaqu\u00edn Pombo y le hace un corte, pero no lo ve venir porque el jugador de Arsenal pone mal la cabeza\u00bb, expres\u00f3 el entrenador a la salida del vestuario visitante del estadio Julio Humberto Grondona.<\/p>\n<p>Y agreg\u00f3, sin aceptar preguntas de los periodistas: \u00abHoy puse un doble nueve con Miguel Merentiel y Dar\u00edo Benedetto para ver su funcionamiento\u00bb.<\/p>\n<p>\u00abDe Arsenal no hay nada que decir porque gan\u00f3 haciendo su juego. Pero, sufrimos un gran desgaste al jugar casi todo el segundo tiempo con un hombre menos y nos vamos lamentablemente con las manos vac\u00edas. Pero, que el VAR haya corroborado la expulsi\u00f3n de Weigandt da mucha bronca\u00bb, insisti\u00f3.<\/p>\n<p>Mirando hacia adelante, Almir\u00f3n remarc\u00f3: \u00abAhora le prometemos a la gente que vamos a dejar todo el martes para ese trascendental partido que tenemos con Colo Colo en la Bombonera para clasificar a la pr\u00f3xima ronda de la Copa Libertadores\u00bb.<\/p>\n<\/div>\n<\/article>\n","protected":false},"excerpt":{"rendered":"<p>El director t\u00e9cnico de Boca Juniors,\u00a0Jorge Almir\u00f3n, cuestion\u00f3 el desempe\u00f1o del \u00e1rbitro Leandro Rey Hilfer en la\u00a0derrota\u00a01-0 contra Arsenal, por<\/p>\n","protected":false},"author":1,"featured_media":3485,"comment_status":"closed","ping_status":"closed","sticky":false,"template":"","format":"standard","meta":{"footnotes":"","jetpack_publicize_message":"","jetpack_publicize_feature_enabled":true,"jetpack_social_post_already_shared":false,"jetpack_social_options":{"image_generator_settings":{"template":"highway","enabled":false},"version":2}},"categories":[9],"tags":[],"class_list":["post-3484","post","type-post","status-publish","format-standard","has-post-thumbnail","hentry","category-deportes"],"jetpack_publicize_connections":[],"_links":{"self":[{"href":"https:\/\/diariorepublica.com.ar\/web\/index.php\/wp-json\/wp\/v2\/posts\/3484"}],"collection":[{"href":"https:\/\/diariorepublica.com.ar\/web\/index.php\/wp-json\/wp\/v2\/posts"}],"about":[{"href":"https:\/\/diariorepublica.com.ar\/web\/index.php\/wp-json\/wp\/v2\/types\/post"}],"author":[{"embeddable":true,"href":"https:\/\/diariorepublica.com.ar\/web\/index.php\/wp-json\/wp\/v2\/users\/1"}],"replies":[{"embeddable":true,"href":"https:\/\/diariorepublica.com.ar\/web\/index.php\/wp-json\/wp\/v2\/comments?post=3484"}],"version-history":[{"count":1,"href":"https:\/\/diariorepublica.com.ar\/web\/index.php\/wp-json\/wp\/v2\/posts\/3484\/revisions"}],"predecessor-version":[{"id":3486,"href":"https:\/\/diariorepublica.com.ar\/web\/index.php\/wp-json\/wp\/v2\/posts\/3484\/revisions\/3486"}],"wp:featuredmedia":[{"embeddable":true,"href":"https:\/\/diariorepublica.com.ar\/web\/index.php\/wp-json\/wp\/v2\/media\/3485"}],"wp:attachment":[{"href":"https:\/\/diariorepublica.com.ar\/web\/index.php\/wp-json\/wp\/v2\/media?parent=3484"}],"wp:term":[{"taxonomy":"category","embeddable":true,"href":"https:\/\/diariorepublica.com.ar\/web\/index.php\/wp-json\/wp\/v2\/categories?post=3484"},{"taxonomy":"post_tag","embeddable":true,"href":"https:\/\/diariorepublica.com.ar\/web\/index.php\/wp-json\/wp\/v2\/tags?post=3484"}],"curies":[{"name":"wp","href":"https:\/\/api.w.org\/{rel}","templated":true}]}}