{"id":3490,"date":"2023-06-02T07:39:09","date_gmt":"2023-06-02T10:39:09","guid":{"rendered":"https:\/\/diariorepublica.com.ar\/web\/?p=3490"},"modified":"2023-06-02T07:39:10","modified_gmt":"2023-06-02T10:39:10","slug":"wado-de-pedro-se-lanzo-con-barrionuevistas-presidente-o-nada","status":"publish","type":"post","link":"https:\/\/diariorepublica.com.ar\/web\/index.php\/politica\/2023\/06\/02\/wado-de-pedro-se-lanzo-con-barrionuevistas-presidente-o-nada\/","title":{"rendered":"Wado de Pedro se lanz\u00f3 con barrionuevistas: \u00abPresidente o nada\u00bb"},"content":{"rendered":"<article class=\"article-body article-body--first-paragraph content-protected-false\" data-td-script-src=\"https:\/\/www.ambito.com\/td\/modulos\/encuestas\/js\/function-embeds-min-version-1660312092.js\">El ministro del Interior,\u00a0<strong>Eduardo \u00abWado\u00bb De Pedro<\/strong>\u00a0recibi\u00f3 este jueves el apoyo expl\u00edcito de los gremios que reportan a Luis Barrionuevo y respondi\u00f3 con un anticipo de su candidatura:\u00a0<strong>\u00abPresidente o nada\u00bb.<\/strong>\u00a0Se lo dijo a unos 40 dirigentes sindicales entre los que se encontraban el gastron\u00f3mico y su delegado en el triunvirato de la CGT,\u00a0<strong>Carlos Acu\u00f1a<\/strong>.<span id=\"saysCMSEmphasis67owmo6g977\" class=\"saysCMSEmphasis\">\u00a0Fue el respaldo m\u00e1s concreto que obtuvo hasta ahora el funcionario dentro de la central obrera, cuyos sectores tradicionales se manifestaron hasta ahora m\u00e1s inclinados a promocionar una postulaci\u00f3n de Sergio Massa.<\/span><\/p>\n<\/article>\n<article class=\"article-body article-body--second-paragraph content-protected-false\">Las definiciones se concretaron durante un asado en la sede del gremio de Maestranza, en Parque Patricios. De Pedro acudi\u00f3 a una cita en teor\u00eda de la Mesa Nacional Sindical Peronista, que se constituy\u00f3 el 17 de octubre del a\u00f1o pasado y re\u00fane a los sectores de m\u00e1s peso de la CGT (entre ellos los \u00abgordos\u00bb de los grandes gremios de servicios y los \u00abindependientes\u00bb de permanente cercan\u00eda a los gobiernos), pero el encuentro termin\u00f3 acotado a los dirigentes afines a Barrionuevo.<\/p>\n<p>Participaron tambi\u00e9n el municipal porte\u00f1o Amadeo Genta, el n\u00famero dos de la Uni\u00f3n Tranviarios Automotor (UTA), Mario Caligari, el textil Hugo Ben\u00edtez (AOT), Carlos Sueiro (personal de aduanas), Daniel Vila (Carga y Descarga), Luis Garc\u00eda Ortiz (supervisores metal\u00fargicos), Juan Martini (Tabaco), Luis Cejas (viajantes), Roberto Solari (guardavidas), Rub\u00e9n Sandoval (perfumistas), y el due\u00f1o de casa, Oscar Rojas, entre otros. Una presencia que llam\u00f3 la atenci\u00f3n fue la de Jos\u00e9 Voytenco, del influyente gremio de peones rurales (Uatre), quien acudi\u00f3 invitado por el l\u00edder gastron\u00f3mico pese a que est\u00e1 contabilizado como un ailado del camionero Pablo Moyano.<\/p>\n<article class=\"article-body article-body--fourth-paragraph content-protected-false\">Previo al almuerzo hubo una\u00a0<strong>reuni\u00f3n m\u00e1s reducida\u00a0<\/strong>de la que participaron Barrionuevo, Acu\u00f1a, Genta, Caligari, Sueiro y Rojas.\u00a0<span id=\"saysCMSEmphasisdbwwvpxvvm8\" class=\"saysCMSEmphasis\">All\u00ed De Pedro les dijo a sus anfitriones que contaba con el visto bueno de Cristina de Kirchner para ser ungido candidato presidencial del Frente de Todos y que en esa misma l\u00ednea, Sergio Massa hab\u00eda sido nominado para encabezar la lista de postulantes para el Senado nacional por la provincia de Buenos Aires.<\/span><\/p>\n<\/article>\n<article class=\"article-body article-body--remaining-paragraph content-protected-false\">Barrionuevo, uno de los principales promotores de la campa\u00f1a del ministro del Interior, tom\u00f3 la palabra para recordar su rol como impulsor central de Carlos Menem en 1989 y\u00a0<strong>pidi\u00f3 la unificaci\u00f3n de todos los sectores sindicales y del peronismo en torno de De Pedro.\u00a0<\/strong>Acto seguido qued\u00f3 constituida una\u00a0<strong>\u00abMesa Sindical Wado Presidente\u00bb<\/strong>, como refiri\u00f3 uno de los concurrentes al asado y al encuentro reducido anterior.<\/p>\n<h6>La dif\u00edcil relaci\u00f3n de Barrionuevo con el kirchnerismo<\/h6>\n<p>El patrocinio del gastron\u00f3mico a favor del dirigente de Mercedes sorprendi\u00f3 el a\u00f1o pasado en sus inicios\u00a0<strong>en vista del encono hist\u00f3rico que mantuvo con el kirchnerismo, en general, y con la vicepresidenta en particular.\u00a0<\/strong>El enfrentamiento se remonta a 2003 cuando manifestantes afines a Barrionuevo recibieron con huevazos a Cristina, entonces senadora nacional y primera dama de N\u00e9stor Kirchner, durante una visita a Catamarca. A\u00f1os despu\u00e9s, durante la gesti\u00f3n de Cambiemos, el secretario general de Uthgra lleg\u00f3 a jactarse en televisi\u00f3n de haber mantenido aislado bajo su supuesta protecci\u00f3n a un testigo de una de las causas contra el kirchnerismo.<\/p>\n<p>En CGT est\u00e1 por verse si habr\u00e1 un respaldo institucional hacia alguno de los precandidatos.\u00a0<strong>Hasta ahora Massa corr\u00eda con ventaja en la central obrera y sobre todo con sus aliados en la creaci\u00f3n del Frente Renovador H\u00e9ctor Daer y Carlos Acu\u00f1a<\/strong>, dos de los tres secretarios generales de la organizaci\u00f3n. Su postulaci\u00f3n, sin embargo, choc\u00f3 en los \u00faltimos meses con el\u00a0<strong>proceso de espiralizaci\u00f3n de la inflaci\u00f3n.<\/strong><\/p>\n<p><strong>De Pedro, en tanto, que ya hab\u00eda cosechado d\u00edas atr\u00e1s otros apoyos sindicales en la CTA de los Trabajadores, que lideran Hugo Yasky y Roberto Baradel,<\/strong>\u00a0<strong>sigui\u00f3 esta tarde su raid en el rubro con una visita al gremio de mec\u00e1nicos (Smata).<\/strong>\u00a0Lo recibieron el secretario general, Ricardo Pignanelli, y su adjunto, Mario Manrique, que sin embargo pidieron que no se interpretara como un respaldo expl\u00edcito a su postulaci\u00f3n. Ma\u00f1ana el ministo del Interior participar\u00e1 en un encuentro en la Federaci\u00f3n Gr\u00e1fica con la Corriente Federal de Trabajadores (CFT), un conglomerado que integra la CGT pero que est\u00e1 alineado con Cristina de manera directa y rivaliza con la jefatura de la central.<\/p>\n<\/article>\n<\/article>\n","protected":false},"excerpt":{"rendered":"<p>El ministro del Interior,\u00a0Eduardo \u00abWado\u00bb De Pedro\u00a0recibi\u00f3 este jueves el apoyo expl\u00edcito de los gremios que reportan a Luis Barrionuevo<\/p>\n","protected":false},"author":1,"featured_media":3491,"comment_status":"closed","ping_status":"closed","sticky":false,"template":"","format":"standard","meta":{"footnotes":"","jetpack_publicize_message":"","jetpack_publicize_feature_enabled":true,"jetpack_social_post_already_shared":false,"jetpack_social_options":{"image_generator_settings":{"template":"highway","enabled":false},"version":2}},"categories":[12],"tags":[],"class_list":["post-3490","post","type-post","status-publish","format-standard","has-post-thumbnail","hentry","category-politica"],"jetpack_publicize_connections":[],"_links":{"self":[{"href":"https:\/\/diariorepublica.com.ar\/web\/index.php\/wp-json\/wp\/v2\/posts\/3490"}],"collection":[{"href":"https:\/\/diariorepublica.com.ar\/web\/index.php\/wp-json\/wp\/v2\/posts"}],"about":[{"href":"https:\/\/diariorepublica.com.ar\/web\/index.php\/wp-json\/wp\/v2\/types\/post"}],"author":[{"embeddable":true,"href":"https:\/\/diariorepublica.com.ar\/web\/index.php\/wp-json\/wp\/v2\/users\/1"}],"replies":[{"embeddable":true,"href":"https:\/\/diariorepublica.com.ar\/web\/index.php\/wp-json\/wp\/v2\/comments?post=3490"}],"version-history":[{"count":1,"href":"https:\/\/diariorepublica.com.ar\/web\/index.php\/wp-json\/wp\/v2\/posts\/3490\/revisions"}],"predecessor-version":[{"id":3492,"href":"https:\/\/diariorepublica.com.ar\/web\/index.php\/wp-json\/wp\/v2\/posts\/3490\/revisions\/3492"}],"wp:featuredmedia":[{"embeddable":true,"href":"https:\/\/diariorepublica.com.ar\/web\/index.php\/wp-json\/wp\/v2\/media\/3491"}],"wp:attachment":[{"href":"https:\/\/diariorepublica.com.ar\/web\/index.php\/wp-json\/wp\/v2\/media?parent=3490"}],"wp:term":[{"taxonomy":"category","embeddable":true,"href":"https:\/\/diariorepublica.com.ar\/web\/index.php\/wp-json\/wp\/v2\/categories?post=3490"},{"taxonomy":"post_tag","embeddable":true,"href":"https:\/\/diariorepublica.com.ar\/web\/index.php\/wp-json\/wp\/v2\/tags?post=3490"}],"curies":[{"name":"wp","href":"https:\/\/api.w.org\/{rel}","templated":true}]}}