{"id":3502,"date":"2023-06-02T10:06:59","date_gmt":"2023-06-02T13:06:59","guid":{"rendered":"https:\/\/diariorepublica.com.ar\/web\/?p=3502"},"modified":"2023-06-02T10:07:00","modified_gmt":"2023-06-02T13:07:00","slug":"nuevas-regulaciones-para-el-alojamiento-de-turistas","status":"publish","type":"post","link":"https:\/\/diariorepublica.com.ar\/web\/index.php\/politica\/2023\/06\/02\/nuevas-regulaciones-para-el-alojamiento-de-turistas\/","title":{"rendered":"Nuevas regulaciones para el alojamiento de turistas"},"content":{"rendered":"<p>A trav\u00e9s de la iniciativa se busca contar con los recaudos necesarios para garantizar la calidad y seguridad en los establecimientos tur\u00edsticos de toda la provincia.<\/p>\n<p>Ponferrada, al fundamentar el proyecto, remarc\u00f3 que esta ley resguardar\u00e1 \u00abel desarrollo sostenible y sustentable y la optimizaci\u00f3n de la calidad\u00bb, teniendo en cuenta la importancia del turista como consumidor \u00aby la necesidad de establecer recaudos que aseguren por un lado, la calidad del servicio, y por otro, la seguridad del turista\u00bb.<\/p>\n<p>La autora de la iniciativa tambi\u00e9n destac\u00f3 que se incluyen clasificaciones y categor\u00edas de alojamientos acordes a los est\u00e1ndares nacional e internacionalmente. Adem\u00e1s, se incorporar\u00e1 la clasificaci\u00f3n de \u00abcasas de familia\u00bb para situaciones excepcionales donde la demanda tur\u00edstica supere la capacidad de los establecimientos existentes.<\/p>\n<p>En este sentido, la Diputada explic\u00f3 que \u00abes \u00fanicamente mientras subsistan circunstancias excepcionales como tambi\u00e9n cuando en la localidad en la que se encuentre situada f\u00edsicamente el inmueble no existan servicios de alojamientos tur\u00edsticos inscriptos en el Registro, o estos no sean suficientes para cubrir la demanda\u00bb.<\/p>\n","protected":false},"excerpt":{"rendered":"<p>A trav\u00e9s de la iniciativa se busca contar con los recaudos necesarios para garantizar la calidad y seguridad en los<\/p>\n","protected":false},"author":2,"featured_media":3503,"comment_status":"closed","ping_status":"closed","sticky":false,"template":"","format":"standard","meta":{"footnotes":"","jetpack_publicize_message":"","jetpack_publicize_feature_enabled":true,"jetpack_social_post_already_shared":false,"jetpack_social_options":{"image_generator_settings":{"template":"highway","enabled":false},"version":2}},"categories":[12],"tags":[],"class_list":["post-3502","post","type-post","status-publish","format-standard","has-post-thumbnail","hentry","category-politica"],"jetpack_publicize_connections":[],"_links":{"self":[{"href":"https:\/\/diariorepublica.com.ar\/web\/index.php\/wp-json\/wp\/v2\/posts\/3502"}],"collection":[{"href":"https:\/\/diariorepublica.com.ar\/web\/index.php\/wp-json\/wp\/v2\/posts"}],"about":[{"href":"https:\/\/diariorepublica.com.ar\/web\/index.php\/wp-json\/wp\/v2\/types\/post"}],"author":[{"embeddable":true,"href":"https:\/\/diariorepublica.com.ar\/web\/index.php\/wp-json\/wp\/v2\/users\/2"}],"replies":[{"embeddable":true,"href":"https:\/\/diariorepublica.com.ar\/web\/index.php\/wp-json\/wp\/v2\/comments?post=3502"}],"version-history":[{"count":1,"href":"https:\/\/diariorepublica.com.ar\/web\/index.php\/wp-json\/wp\/v2\/posts\/3502\/revisions"}],"predecessor-version":[{"id":3504,"href":"https:\/\/diariorepublica.com.ar\/web\/index.php\/wp-json\/wp\/v2\/posts\/3502\/revisions\/3504"}],"wp:featuredmedia":[{"embeddable":true,"href":"https:\/\/diariorepublica.com.ar\/web\/index.php\/wp-json\/wp\/v2\/media\/3503"}],"wp:attachment":[{"href":"https:\/\/diariorepublica.com.ar\/web\/index.php\/wp-json\/wp\/v2\/media?parent=3502"}],"wp:term":[{"taxonomy":"category","embeddable":true,"href":"https:\/\/diariorepublica.com.ar\/web\/index.php\/wp-json\/wp\/v2\/categories?post=3502"},{"taxonomy":"post_tag","embeddable":true,"href":"https:\/\/diariorepublica.com.ar\/web\/index.php\/wp-json\/wp\/v2\/tags?post=3502"}],"curies":[{"name":"wp","href":"https:\/\/api.w.org\/{rel}","templated":true}]}}