{"id":3541,"date":"2023-06-03T19:12:02","date_gmt":"2023-06-03T22:12:02","guid":{"rendered":"https:\/\/diariorepublica.com.ar\/web\/?p=3541"},"modified":"2023-06-03T19:12:03","modified_gmt":"2023-06-03T22:12:03","slug":"tragedia-en-el-monumental-un-hincha-fallecio-y-river-defensa-quedo-suspendido","status":"publish","type":"post","link":"https:\/\/diariorepublica.com.ar\/web\/index.php\/deportes\/2023\/06\/03\/tragedia-en-el-monumental-un-hincha-fallecio-y-river-defensa-quedo-suspendido\/","title":{"rendered":"Tragedia en el Monumental: un hincha falleci\u00f3 y River-Defensa qued\u00f3 suspendido"},"content":{"rendered":"<p>Tarde triste en el estadio Monumental. Un hincha falleci\u00f3 tras caer de la tribuna S\u00edvori Alta durante el partido entre\u00a0<strong>River Plate\u00a0<\/strong>y\u00a0<strong>Defensa y Justicia<\/strong>\u00a0y el \u00e1rbitro, Fernando Rapallini, decidi\u00f3 suspender el encuentro a los 26 minutos.<\/p>\n<p>Los hinchas advirtieron de la tragedia a los 15 minutos con c\u00e1nticos para que el juez detuviera el juego. Rapallini y los futbolistas dieron cuenta de lo sucedido y el partido se demor\u00f3 unos instantes antes de continuar.<\/p>\n<p>Inmediatamente se arm\u00f3 un cord\u00f3n en el sector bajo de la platea para que el personal de seguridad y el cuerpo m\u00e9dico asistiera al simpatizante, que se habr\u00eda arrojado de la S\u00edvori Alta a la baja, lo que provoc\u00f3 el desenlace fatal.<\/p>\n<p>Diez minutos despu\u00e9s, el colegiado decidi\u00f3 suspender el partido tras conocer que el hincha perdi\u00f3 la vida en el accidente. Los jugadores de River se acercaron a los fan\u00e1ticos para aplaudir el accionar de la gente antes de retirarse a los vestuarios.<\/p>\n<p>Las c\u00e1maras de seguridad del Antonio Vespucio Liberti revelaron que la persona fallecida era un hombre, quien salt\u00f3 al vac\u00edo desde la S\u00edvori Alta, sin haber sido forcejeado ni empujado. Alberto Crescenti, titular del SAME, ratific\u00f3 que la muerte se dio por traumatismo de cr\u00e1neo grave.<\/p>\n","protected":false},"excerpt":{"rendered":"<p>Tarde triste en el estadio Monumental. Un hincha falleci\u00f3 tras caer de la tribuna S\u00edvori Alta durante el partido entre\u00a0River<\/p>\n","protected":false},"author":1,"featured_media":3542,"comment_status":"closed","ping_status":"closed","sticky":false,"template":"","format":"standard","meta":{"footnotes":"","jetpack_publicize_message":"","jetpack_publicize_feature_enabled":true,"jetpack_social_post_already_shared":false,"jetpack_social_options":{"image_generator_settings":{"template":"highway","enabled":false},"version":2}},"categories":[9],"tags":[],"class_list":["post-3541","post","type-post","status-publish","format-standard","has-post-thumbnail","hentry","category-deportes"],"jetpack_publicize_connections":[],"_links":{"self":[{"href":"https:\/\/diariorepublica.com.ar\/web\/index.php\/wp-json\/wp\/v2\/posts\/3541"}],"collection":[{"href":"https:\/\/diariorepublica.com.ar\/web\/index.php\/wp-json\/wp\/v2\/posts"}],"about":[{"href":"https:\/\/diariorepublica.com.ar\/web\/index.php\/wp-json\/wp\/v2\/types\/post"}],"author":[{"embeddable":true,"href":"https:\/\/diariorepublica.com.ar\/web\/index.php\/wp-json\/wp\/v2\/users\/1"}],"replies":[{"embeddable":true,"href":"https:\/\/diariorepublica.com.ar\/web\/index.php\/wp-json\/wp\/v2\/comments?post=3541"}],"version-history":[{"count":1,"href":"https:\/\/diariorepublica.com.ar\/web\/index.php\/wp-json\/wp\/v2\/posts\/3541\/revisions"}],"predecessor-version":[{"id":3543,"href":"https:\/\/diariorepublica.com.ar\/web\/index.php\/wp-json\/wp\/v2\/posts\/3541\/revisions\/3543"}],"wp:featuredmedia":[{"embeddable":true,"href":"https:\/\/diariorepublica.com.ar\/web\/index.php\/wp-json\/wp\/v2\/media\/3542"}],"wp:attachment":[{"href":"https:\/\/diariorepublica.com.ar\/web\/index.php\/wp-json\/wp\/v2\/media?parent=3541"}],"wp:term":[{"taxonomy":"category","embeddable":true,"href":"https:\/\/diariorepublica.com.ar\/web\/index.php\/wp-json\/wp\/v2\/categories?post=3541"},{"taxonomy":"post_tag","embeddable":true,"href":"https:\/\/diariorepublica.com.ar\/web\/index.php\/wp-json\/wp\/v2\/tags?post=3541"}],"curies":[{"name":"wp","href":"https:\/\/api.w.org\/{rel}","templated":true}]}}