{"id":3553,"date":"2023-06-03T17:16:00","date_gmt":"2023-06-03T20:16:00","guid":{"rendered":"https:\/\/diariorepublica.com.ar\/web\/?p=3553"},"modified":"2023-06-03T19:17:20","modified_gmt":"2023-06-03T22:17:20","slug":"sebastian-villa-no-practico-y-se-reunio-con-integrantes-del-consejo-de-futbol","status":"publish","type":"post","link":"https:\/\/diariorepublica.com.ar\/web\/index.php\/deportes\/2023\/06\/03\/sebastian-villa-no-practico-y-se-reunio-con-integrantes-del-consejo-de-futbol\/","title":{"rendered":"Sebasti\u00e1n Villa no practic\u00f3 y se reuni\u00f3 con integrantes del Consejo de F\u00fatbol"},"content":{"rendered":"<article id=\"article-post\" class=\"first\">\n<div class=\"cuerpo\" data-twitter-link=\"https:\/\/twitter.com\/intent\/tweet?url=https:\/\/www.diariopopular.com.ar\/c719258&amp;via=poopulardiario&amp;related=Popular&amp;text=\">\n<p>El colombiano Sebasti\u00e1n Villa, marginado del plantel de Boca tras su condena a dos a\u00f1os y un mes de prisi\u00f3n condicional en una causa por violencia de g\u00e9nero contra su expareja, no se entren\u00f3 este s\u00e1bado en el predio de Ezeiza y estuvo reunido con integrantes del Consejo de F\u00fatbol.<\/p>\n<\/div>\n<\/article>\n<article id=\"article-post\">\n<div class=\"cuerpo\" data-twitter-link=\"https:\/\/twitter.com\/intent\/tweet?url=https:\/\/www.diariopopular.com.ar\/c719258&amp;via=poopulardiario&amp;related=Popular&amp;text=\">\n<p>El delantero lleg\u00f3 cerca de las 9 al Centro de Entrenamiento del club junto a uno de sus representantes, salud\u00f3 a sus compa\u00f1eros y subi\u00f3 a una de las oficinas de la planta alta del edificio principal junto a las canchas de f\u00fatbol.<\/p>\n<p>Vestido sin el equipo oficial, el colombiano dialog\u00f3 por m\u00e1s de dos horas con los miembros del Consejo despu\u00e9s de la decisi\u00f3n un\u00e1nime de la Comisi\u00f3n Directiva de no considerarlo para los partidos por su situaci\u00f3n judicial.<\/p>\n<p>Villa podr\u00e1 entrenarse junto al plantel pero no ser\u00e1 tenido en cuenta por el DT Jorge Almir\u00f3n, al menos que se efect\u00fae un pronunciamiento definitivo de su situaci\u00f3n procesal.<\/p>\n<p>Despu\u00e9s de la reuni\u00f3n, el futbolista se despidi\u00f3 de sus compa\u00f1eros y se march\u00f3 del predio, pasadas las 11.30.<\/p>\n<p>En los pr\u00f3ximos d\u00edas, el colombiano de 27 a\u00f1os, que tiene contrato con Boca hasta el 31 de diciembre del 2024, podr\u00eda pedir una licencia en el club y viajar a Colombia, previa autorizaci\u00f3n de la jueza Claudia D\u00e1valos.<\/p>\n<p>En Boca le buscar\u00e1n una salida a pr\u00e9stamo a alg\u00fan club o liga que acepte a un jugador condenado por violencia de g\u00e9nero. Seg\u00fan allegados, uno de los destinos ser\u00eda un club importante de Arabia Saudita u otro de Qatar..<\/p>\n<p>El viernes por la tarde, en una reuni\u00f3n por zoom de la Comisi\u00f3n Directiva, encabezada por el presidente Jorge Ameal y el vice segundo Juan Rom\u00e1n Riquelme, se defini\u00f3 la situaci\u00f3n del futbolista y luego la asesor\u00eda legal se comunic\u00f3 con Futbolistas Argentinos Agremiados para asesorarse en el tema laboral del jugador.<\/p>\n<p>Por la noche se emiti\u00f3 el comunicado que aclara que no participar\u00e1 de las convocatorias de las competencias que deba afrontar el primer equipo profesional de f\u00fatbol masculino al menos hasta que la resoluci\u00f3n deje firme el fallo de primera instancia.<\/p>\n<p>En tanto el t\u00e9cnico Almir\u00f3n sigui\u00f3 esta ma\u00f1ana con la preparaci\u00f3n del equipo para jugar ante Colo Colo el pr\u00f3ximo martes por la quinta fecha del Grupo F de la Conmebol Libertadores.<\/p>\n<p>El entrenador deber\u00e1 definir con qu\u00e9 esquema jugar\u00e1 y si Nicol\u00e1s Figal, con una contractura en el posterior derecho, llega bien al duelo de la Copa Libertadores.<\/p>\n<p>El juvenil Luca Langoni se perfila para reemplazar a Villa en el ataque del xeneize.<\/p>\n<p>Esta ma\u00f1ana, despu\u00e9s de trabajar en lo f\u00edsico con el nuevo preparador Diego Osses, el t\u00e9cnico dispuso de una practica de f\u00fatbol con los que jugaron pocos minutos o no estuvieron en la derrota ante Arsenal por 1 a 0 el jueves pasado en Sarandi por la 19 fecha de la Liga Profesional.<\/p>\n<p>El equipo form\u00f3 con Sergio Romero; Marcelo Weigandt, Facundo Roncaglia, Nicolas Valentini y Valentin Barco; Guillermo \u00abPol\u00bb Fernandez, Ezequiel Fernandez, Juan Ram\u00edrez; Luca Langoni, Luis Vazquez y Norberto Briasco.<\/p>\n<\/div>\n<\/article>\n","protected":false},"excerpt":{"rendered":"<p>El colombiano Sebasti\u00e1n Villa, marginado del plantel de Boca tras su condena a dos a\u00f1os y un mes de prisi\u00f3n<\/p>\n","protected":false},"author":1,"featured_media":3554,"comment_status":"closed","ping_status":"closed","sticky":false,"template":"","format":"standard","meta":{"footnotes":"","jetpack_publicize_message":"","jetpack_publicize_feature_enabled":true,"jetpack_social_post_already_shared":false,"jetpack_social_options":{"image_generator_settings":{"template":"highway","enabled":false},"version":2}},"categories":[9],"tags":[],"class_list":["post-3553","post","type-post","status-publish","format-standard","has-post-thumbnail","hentry","category-deportes"],"jetpack_publicize_connections":[],"_links":{"self":[{"href":"https:\/\/diariorepublica.com.ar\/web\/index.php\/wp-json\/wp\/v2\/posts\/3553"}],"collection":[{"href":"https:\/\/diariorepublica.com.ar\/web\/index.php\/wp-json\/wp\/v2\/posts"}],"about":[{"href":"https:\/\/diariorepublica.com.ar\/web\/index.php\/wp-json\/wp\/v2\/types\/post"}],"author":[{"embeddable":true,"href":"https:\/\/diariorepublica.com.ar\/web\/index.php\/wp-json\/wp\/v2\/users\/1"}],"replies":[{"embeddable":true,"href":"https:\/\/diariorepublica.com.ar\/web\/index.php\/wp-json\/wp\/v2\/comments?post=3553"}],"version-history":[{"count":1,"href":"https:\/\/diariorepublica.com.ar\/web\/index.php\/wp-json\/wp\/v2\/posts\/3553\/revisions"}],"predecessor-version":[{"id":3555,"href":"https:\/\/diariorepublica.com.ar\/web\/index.php\/wp-json\/wp\/v2\/posts\/3553\/revisions\/3555"}],"wp:featuredmedia":[{"embeddable":true,"href":"https:\/\/diariorepublica.com.ar\/web\/index.php\/wp-json\/wp\/v2\/media\/3554"}],"wp:attachment":[{"href":"https:\/\/diariorepublica.com.ar\/web\/index.php\/wp-json\/wp\/v2\/media?parent=3553"}],"wp:term":[{"taxonomy":"category","embeddable":true,"href":"https:\/\/diariorepublica.com.ar\/web\/index.php\/wp-json\/wp\/v2\/categories?post=3553"},{"taxonomy":"post_tag","embeddable":true,"href":"https:\/\/diariorepublica.com.ar\/web\/index.php\/wp-json\/wp\/v2\/tags?post=3553"}],"curies":[{"name":"wp","href":"https:\/\/api.w.org\/{rel}","templated":true}]}}