{"id":3556,"date":"2023-06-03T19:23:58","date_gmt":"2023-06-03T22:23:58","guid":{"rendered":"https:\/\/diariorepublica.com.ar\/web\/?p=3556"},"modified":"2023-06-03T19:23:59","modified_gmt":"2023-06-03T22:23:59","slug":"reabrio-sus-puertas-la-hosteria-cuesta-el-portezuelo","status":"publish","type":"post","link":"https:\/\/diariorepublica.com.ar\/web\/index.php\/locales\/2023\/06\/03\/reabrio-sus-puertas-la-hosteria-cuesta-el-portezuelo\/","title":{"rendered":"Reabri\u00f3 sus puertas la Hoster\u00eda Cuesta El Portezuelo"},"content":{"rendered":"<p>La reinauguraci\u00f3n de la Hoster\u00eda Cuesta El Portezuelo marca un hito hist\u00f3rico para el Valle Central de Catamarca, ya que se recupera un espacio tur\u00edstico importante en uno de los paisajes m\u00e1s ic\u00f3nicos que tiene nuestra provincia.<\/p>\n<p>El acto de reinauguraci\u00f3n estuvo encabezado por el gobernador Ra\u00fal Jalil, junto a la intendenta de Valle Viejo, Susana Zenteno, y la senadora Nacional, Luc\u00eda Corpacci, entre otras autoridades.<\/p>\n<p>Cientos de personas, entre ellos decenas de turistas que se instalaron en la hoster\u00eda, disfrutaron de una jornada inaugural que fue una fiesta con n\u00fameros art\u00edsticos, presentaciones gastron\u00f3micas y exhibiciones de parapentes.<\/p>\n<p>La obra de recuperaci\u00f3n de la Hoster\u00eda Cuesta El Portezuelo estuvo a cargo de la Municipalidad de Valle Viejo, mientras que el Gobierno Provincial aport\u00f3 fondos. Algunas de las intervenciones que tuvo fue la construcci\u00f3n de un nuevo balc\u00f3n, se remodelaron todas las habitaciones (tipo suite, y cuentan con balc\u00f3n particular), reparaci\u00f3n de ca\u00f1er\u00edas de agua, pintura en todo el edificio, reparaci\u00f3n del sistema el\u00e9ctrico, entre otras acciones.<\/p>\n<p>El\u00a0<strong>gobernador Ra\u00fal Jalil<\/strong>\u00a0expres\u00f3 durante la inauguraci\u00f3n: \u201cla decisi\u00f3n de recuperar y pasar la hoster\u00eda al municipio fue un acierto. Hoy es una realidad que podr\u00e1n disfrutar los catamarque\u00f1os y catamarque\u00f1as, e invitamos a los argentinos, argentinas y a todos los ciudadanos del mundo a venir a Catamarca\u201d.<\/p>\n<p>Y asegur\u00f3 que \u201cla Cuesta de El Portezuelo es un lugar m\u00e1gico como otros tantos que tenemos en Catamarca, con un paisaje \u00fanico, que ahora suma un lugar con toda la calidez de nuestros ciudadanos para recibir a los turistas\u201d.<\/p>\n<p>La senadora Nacional\u00a0<strong>Luc\u00eda Corpacci<\/strong>\u00a0destac\u00f3 la pol\u00edtica de desarrollo en turismo que tiene la Provincia. \u201cEsta hoster\u00eda estuvo cerrada mucho tiempo y por suerte desde hoy tendr\u00e1 sus puertas abiertas a los turistas. La Cuesta de El Portezuelo es emblem\u00e1tica, no es cualquier lugar, y que los turistas tengan un lugar tan importante para disfrutar y alojarse es realmente una muestra m\u00e1s de la pol\u00edtica de desarrollo del Gobierno Provincial\u201d.<\/p>\n<p><strong>Susana Zenteno<\/strong>, intendenta de Valle Viejo, manifest\u00f3 que \u201ceste es un d\u00eda de alegr\u00eda para Valle Viejo, estamos muy contentos de esta reapertura. La hoster\u00eda estar\u00e1 abierta todos los d\u00edas para que vengan a almorzar, merendar, pernoctar, a disfrutar con la familia y amigos en un lugar totalmente renovado\u201d.<\/p>\n<p>A su vez, agradeci\u00f3 el apoyo para llevar adelante esta gran obra de impacto tur\u00edstico en el departamento chacarero. \u201cTenemos un gran Gobernador, que escucha a los intendentes y las necesidades de cada departamento. Esta obra, el puente del Camino de la Virgen, la puesta en valor en la Costanera, el nuevo ingreso a Valle Viejo, el Polideportivo que pronto comenzaremos a construir, entre otras tantas, son muestra del trabajo en equipo\u201d, cerr\u00f3 Zenteno.<\/p>\n<p>Tambi\u00e9n participaron del acto de reinauguraci\u00f3n la diputada Nacional, Silvana Ginocchio; los ministros de Cultura, Turismo y Deporte, Roberto Brunello; de Infraestructura y Obras Civiles, Eduardo Niederle; de Desarrollo Social, Gonzalo Mascheroni; de Miner\u00eda, Marcelo Murua; los intendentes de Tinogasta, Sebasti\u00e1n N\u00f3blega; de El Alto, Ariel Ojeda; de Los Varela, Marcelo Saavedra, legisladores provinciales, concejales de Valle Viejo, entre otros.<\/p>\n","protected":false},"excerpt":{"rendered":"<p>La reinauguraci\u00f3n de la Hoster\u00eda Cuesta El Portezuelo marca un hito hist\u00f3rico para el Valle Central de Catamarca, ya que<\/p>\n","protected":false},"author":1,"featured_media":3557,"comment_status":"closed","ping_status":"closed","sticky":false,"template":"","format":"standard","meta":{"footnotes":"","jetpack_publicize_message":"","jetpack_publicize_feature_enabled":true,"jetpack_social_post_already_shared":false,"jetpack_social_options":{"image_generator_settings":{"template":"highway","enabled":false},"version":2}},"categories":[2],"tags":[],"class_list":["post-3556","post","type-post","status-publish","format-standard","has-post-thumbnail","hentry","category-locales"],"jetpack_publicize_connections":[],"_links":{"self":[{"href":"https:\/\/diariorepublica.com.ar\/web\/index.php\/wp-json\/wp\/v2\/posts\/3556"}],"collection":[{"href":"https:\/\/diariorepublica.com.ar\/web\/index.php\/wp-json\/wp\/v2\/posts"}],"about":[{"href":"https:\/\/diariorepublica.com.ar\/web\/index.php\/wp-json\/wp\/v2\/types\/post"}],"author":[{"embeddable":true,"href":"https:\/\/diariorepublica.com.ar\/web\/index.php\/wp-json\/wp\/v2\/users\/1"}],"replies":[{"embeddable":true,"href":"https:\/\/diariorepublica.com.ar\/web\/index.php\/wp-json\/wp\/v2\/comments?post=3556"}],"version-history":[{"count":1,"href":"https:\/\/diariorepublica.com.ar\/web\/index.php\/wp-json\/wp\/v2\/posts\/3556\/revisions"}],"predecessor-version":[{"id":3558,"href":"https:\/\/diariorepublica.com.ar\/web\/index.php\/wp-json\/wp\/v2\/posts\/3556\/revisions\/3558"}],"wp:featuredmedia":[{"embeddable":true,"href":"https:\/\/diariorepublica.com.ar\/web\/index.php\/wp-json\/wp\/v2\/media\/3557"}],"wp:attachment":[{"href":"https:\/\/diariorepublica.com.ar\/web\/index.php\/wp-json\/wp\/v2\/media?parent=3556"}],"wp:term":[{"taxonomy":"category","embeddable":true,"href":"https:\/\/diariorepublica.com.ar\/web\/index.php\/wp-json\/wp\/v2\/categories?post=3556"},{"taxonomy":"post_tag","embeddable":true,"href":"https:\/\/diariorepublica.com.ar\/web\/index.php\/wp-json\/wp\/v2\/tags?post=3556"}],"curies":[{"name":"wp","href":"https:\/\/api.w.org\/{rel}","templated":true}]}}