{"id":3589,"date":"2023-06-05T08:53:00","date_gmt":"2023-06-05T11:53:00","guid":{"rendered":"https:\/\/diariorepublica.com.ar\/web\/?p=3589"},"modified":"2023-06-05T07:54:37","modified_gmt":"2023-06-05T10:54:37","slug":"antonio-gasalla-esta-internado-y-tiene-demencia-senil-progresiva","status":"publish","type":"post","link":"https:\/\/diariorepublica.com.ar\/web\/index.php\/espectaculos\/2023\/06\/05\/antonio-gasalla-esta-internado-y-tiene-demencia-senil-progresiva\/","title":{"rendered":"Antonio Gasalla est\u00e1 internado y tiene demencia senil progresiva"},"content":{"rendered":"<p><strong>Antonio Gasalla<\/strong>\u00a0preocupa por su estado de salud. Hace tiempo se hizo conocida una entrevista hecha por un m\u00f3vil de un programa de chimentos en el d\u00eda de su cumplea\u00f1os, donde el actor expuls\u00f3 sin tapujos a las c\u00e1maras de su vista. Finalmente,<strong>\u00a0cinco especialistas coincidieron en su diagn\u00f3stico: demencia senil progresiva.\u00a0<\/strong><\/p>\n<p>En este marco, el comediante est\u00e1 internado aunque no tiene fecha de derivaci\u00f3n. Por otra parte, frente a las situaciones desconocidas relacionadas a su dinero,<strong>\u00a0la Justicia investiga las huellas dactilares en su caja de seguridad, a la vez que resalt\u00f3 la necesidad de que haya una curatela.<\/strong><\/p>\n<h6>Marcelo Polino sobre la salud de Antonio Gasalla: \u00abEs muy complicado la verdad\u00bb<\/h6>\n<p>\u00abAntonio est\u00e1 internado, no es cierto que est\u00e1 en un geri\u00e1trico, est\u00e1 en una cl\u00ednica. Lo est\u00e1n compensando, haciendo an\u00e1lisis, tratando de recuperar el peso&#8230; Le pusieron un bot\u00f3n g\u00e1strico, lo acept\u00f3 bien, as\u00ed que est\u00e1 internado, viendo la evoluci\u00f3n\u00bb, cont\u00f3<strong>\u00a0Marcelo Polino<\/strong>\u00a0en el programa \u00abPol\u00e9mica en el bar\u00bb sobre su gran amigo. Luego agreg\u00f3:\u00a0<strong>\u00abNo est\u00e1 l\u00facido, \u00e9l tiene una demencia en un grado bastante avanzado\u00bb.<\/strong><\/p>\n<p>Por otra parte,\u00a0<strong>Polino<\/strong>\u00a0expres\u00f3 que<strong>\u00a0\u00ab\u00e9l tiene un faltante de dinero muy importante porque violentaron las dos cajas de seguridad que hab\u00eda en su casa&#8230; Alguien que se le meti\u00f3 en la casa, en un per\u00edodo en que yo no estaba en la Argentina y su hermano hab\u00eda tenido un problema de salud. No s\u00e9 si fue un robo como a mano armada\u00bb<\/strong>.<\/p>\n<p>\u00abEs muy complicado, y aparte la tristeza&#8230; Llevar a curatela a una persona, que ahora se llama evaluaci\u00f3n de las capacidades mentales, tambi\u00e9n es tremendo para el familiar<strong>. Porque, como hay tantos casos que la gente lo hizo a prop\u00f3sito para quedarse con la fortuna, la familia se tiene que someter a ex\u00e1menes, a reuniones<\/strong>&#8230; Es muy complicado la verdad\u00bb, a\u00f1adi\u00f3 el periodista.<\/p>\n","protected":false},"excerpt":{"rendered":"<p>Antonio Gasalla\u00a0preocupa por su estado de salud. Hace tiempo se hizo conocida una entrevista hecha por un m\u00f3vil de un<\/p>\n","protected":false},"author":1,"featured_media":3590,"comment_status":"closed","ping_status":"closed","sticky":false,"template":"","format":"standard","meta":{"footnotes":"","jetpack_publicize_message":"","jetpack_publicize_feature_enabled":true,"jetpack_social_post_already_shared":false,"jetpack_social_options":{"image_generator_settings":{"template":"highway","enabled":false},"version":2}},"categories":[7],"tags":[],"class_list":["post-3589","post","type-post","status-publish","format-standard","has-post-thumbnail","hentry","category-espectaculos"],"jetpack_publicize_connections":[],"_links":{"self":[{"href":"https:\/\/diariorepublica.com.ar\/web\/index.php\/wp-json\/wp\/v2\/posts\/3589"}],"collection":[{"href":"https:\/\/diariorepublica.com.ar\/web\/index.php\/wp-json\/wp\/v2\/posts"}],"about":[{"href":"https:\/\/diariorepublica.com.ar\/web\/index.php\/wp-json\/wp\/v2\/types\/post"}],"author":[{"embeddable":true,"href":"https:\/\/diariorepublica.com.ar\/web\/index.php\/wp-json\/wp\/v2\/users\/1"}],"replies":[{"embeddable":true,"href":"https:\/\/diariorepublica.com.ar\/web\/index.php\/wp-json\/wp\/v2\/comments?post=3589"}],"version-history":[{"count":1,"href":"https:\/\/diariorepublica.com.ar\/web\/index.php\/wp-json\/wp\/v2\/posts\/3589\/revisions"}],"predecessor-version":[{"id":3591,"href":"https:\/\/diariorepublica.com.ar\/web\/index.php\/wp-json\/wp\/v2\/posts\/3589\/revisions\/3591"}],"wp:featuredmedia":[{"embeddable":true,"href":"https:\/\/diariorepublica.com.ar\/web\/index.php\/wp-json\/wp\/v2\/media\/3590"}],"wp:attachment":[{"href":"https:\/\/diariorepublica.com.ar\/web\/index.php\/wp-json\/wp\/v2\/media?parent=3589"}],"wp:term":[{"taxonomy":"category","embeddable":true,"href":"https:\/\/diariorepublica.com.ar\/web\/index.php\/wp-json\/wp\/v2\/categories?post=3589"},{"taxonomy":"post_tag","embeddable":true,"href":"https:\/\/diariorepublica.com.ar\/web\/index.php\/wp-json\/wp\/v2\/tags?post=3589"}],"curies":[{"name":"wp","href":"https:\/\/api.w.org\/{rel}","templated":true}]}}