{"id":359,"date":"2023-03-24T17:12:33","date_gmt":"2023-03-24T20:12:33","guid":{"rendered":"https:\/\/diariorepublica.com.ar\/web\/?p=359"},"modified":"2023-03-24T17:12:53","modified_gmt":"2023-03-24T20:12:53","slug":"esteban-bullrich-conocio-a-scaloni-el-emotivo-posteo-en-sus-redes-sociales","status":"publish","type":"post","link":"https:\/\/diariorepublica.com.ar\/web\/index.php\/nacionales\/2023\/03\/24\/esteban-bullrich-conocio-a-scaloni-el-emotivo-posteo-en-sus-redes-sociales\/","title":{"rendered":"Esteban Bullrich conoci\u00f3 a Scaloni:\u00a0el emotivo posteo en sus redes sociales"},"content":{"rendered":"<p>Esteban Bullrich\u00a0conoci\u00f3 a\u00a0<strong>Lionel Scaloni\u00a0<\/strong>y aprovech\u00f3 para enviar un claro mensaje con destino a los referentes de la pol\u00edtica.<\/p>\n<p><strong>\u00abCu\u00e1nto puede aprender de \u00e9l nuestra dirigencia pol\u00edtica atiborrada de prepotencia, hipocres\u00eda y declaraciones exuberantes\u00bb<\/strong>, se despacho el dirigente del PRO junto a una foto que retrata el encuentro.<\/p>\n<p>\u00abAnoche tuve el enorme placer de conocer a Lionel Scaloni, qu\u00e9 ejemplo!!<strong>\u00a0Cada declaraci\u00f3n o aparici\u00f3n p\u00fablica es una c\u00e1tedra de humildad, sencillez y trabajo en equipo. Y es campe\u00f3n del mundo, es decir, es exitoso\u00bb<\/strong>, plante\u00f3 el ex ministro de Desarrollo Social.<\/p>\n<p><iframe id=\"instagram-embed-0\" class=\"instagram-media instagram-media-rendered\" src=\"https:\/\/www.instagram.com\/p\/CqK208LsBmJ\/embed\/captioned\/?cr=1&amp;v=14&amp;wp=675&amp;rd=https%3A%2F%2Fwww.canal26.com&amp;rp=%2Fpolitica%2Festeban-bullrich-conocio-a-scaloni-el-emotivo-posteo-en-sus-redes-sociales--338584#%7B%22ci%22%3A0%2C%22os%22%3A602.1000000000349%2C%22ls%22%3A167.79999999998836%2C%22le%22%3A583.7000000000116%7D\" height=\"987\" frameborder=\"0\" scrolling=\"no\" allowfullscreen=\"allowfullscreen\" data-instgrm-payload-id=\"instagram-media-payload-0\" data-gtm-yt-inspected-6=\"true\" data-mce-fragment=\"1\"><\/iframe><\/p>\n<p>En la misma l\u00ednea, continu\u00f3: \u00abCu\u00e1nto puede aprender de \u00e9l nuestra dirigencia pol\u00edtica atiborrada de prepotencia, hipocres\u00eda y declaraciones exuberantes.<strong>\u00a0Gracias Sr. Scaloni por las enormes alegr\u00edas, pero sobre todo por las lecciones de hombre de bien que nos brinda regularmente\u00bb<\/strong>.<\/p>\n","protected":false},"excerpt":{"rendered":"<p>Esteban Bullrich\u00a0conoci\u00f3 a\u00a0Lionel Scaloni\u00a0y aprovech\u00f3 para enviar un claro mensaje con destino a los referentes de la pol\u00edtica. \u00abCu\u00e1nto puede<\/p>\n","protected":false},"author":1,"featured_media":360,"comment_status":"closed","ping_status":"closed","sticky":false,"template":"","format":"standard","meta":{"footnotes":"","jetpack_publicize_message":"","jetpack_publicize_feature_enabled":true,"jetpack_social_post_already_shared":false,"jetpack_social_options":{"image_generator_settings":{"template":"highway","enabled":false},"version":2}},"categories":[4],"tags":[],"class_list":["post-359","post","type-post","status-publish","format-standard","has-post-thumbnail","hentry","category-nacionales"],"jetpack_publicize_connections":[],"_links":{"self":[{"href":"https:\/\/diariorepublica.com.ar\/web\/index.php\/wp-json\/wp\/v2\/posts\/359"}],"collection":[{"href":"https:\/\/diariorepublica.com.ar\/web\/index.php\/wp-json\/wp\/v2\/posts"}],"about":[{"href":"https:\/\/diariorepublica.com.ar\/web\/index.php\/wp-json\/wp\/v2\/types\/post"}],"author":[{"embeddable":true,"href":"https:\/\/diariorepublica.com.ar\/web\/index.php\/wp-json\/wp\/v2\/users\/1"}],"replies":[{"embeddable":true,"href":"https:\/\/diariorepublica.com.ar\/web\/index.php\/wp-json\/wp\/v2\/comments?post=359"}],"version-history":[{"count":2,"href":"https:\/\/diariorepublica.com.ar\/web\/index.php\/wp-json\/wp\/v2\/posts\/359\/revisions"}],"predecessor-version":[{"id":362,"href":"https:\/\/diariorepublica.com.ar\/web\/index.php\/wp-json\/wp\/v2\/posts\/359\/revisions\/362"}],"wp:featuredmedia":[{"embeddable":true,"href":"https:\/\/diariorepublica.com.ar\/web\/index.php\/wp-json\/wp\/v2\/media\/360"}],"wp:attachment":[{"href":"https:\/\/diariorepublica.com.ar\/web\/index.php\/wp-json\/wp\/v2\/media?parent=359"}],"wp:term":[{"taxonomy":"category","embeddable":true,"href":"https:\/\/diariorepublica.com.ar\/web\/index.php\/wp-json\/wp\/v2\/categories?post=359"},{"taxonomy":"post_tag","embeddable":true,"href":"https:\/\/diariorepublica.com.ar\/web\/index.php\/wp-json\/wp\/v2\/tags?post=359"}],"curies":[{"name":"wp","href":"https:\/\/api.w.org\/{rel}","templated":true}]}}