{"id":3595,"date":"2023-06-05T09:34:41","date_gmt":"2023-06-05T12:34:41","guid":{"rendered":"https:\/\/diariorepublica.com.ar\/web\/?p=3595"},"modified":"2023-06-05T09:34:42","modified_gmt":"2023-06-05T12:34:42","slug":"uta-se-reunira-con-el-gobernador","status":"publish","type":"post","link":"https:\/\/diariorepublica.com.ar\/web\/index.php\/politica\/2023\/06\/05\/uta-se-reunira-con-el-gobernador\/","title":{"rendered":"UTA se reunir\u00e1 con el Gobernador"},"content":{"rendered":"<p>El mi\u00e9rcoles \u00faltimo ingres\u00f3 a la C\u00e1mara de Diputados el proyecto por el que se crea la Sociedad Operadora de Servicios de Transporte de Catamarca, Sociedad del Estado (SOSTCA SE) que hab\u00eda sido anunciado por el gobernador Ra\u00fal Jalil en su mensaje a la Asamblea Legislativa. El gremio que nuclea a los choferes (UTA) anticip\u00f3 que ma\u00f1ana se reunir\u00e1n con el gobernador Ra\u00fal Jalil y le plantear\u00e1n las dudas que tiene el sector<\/p>\n<p>Juan Vergara, secretario general de la UTA, se\u00f1al\u00f3 que hay inquietudes que quieren dialogar con el Ejecutivo provincial, vinculadas con la estabilidad del personal que trabaja en las empresas de transporte.<\/p>\n<p>\u00abSolicitamos como gremio que nos den participaci\u00f3n para colaborar con el proyecto y dar una soluci\u00f3n al tema de los usuarios, si es para un cambio; una mejora es bueno, queremos colaborar\u00bb, expres\u00f3.<\/p>\n<p>Vergara anticip\u00f3 que tambi\u00e9n se solicitar\u00e1 al Ejecutivo que garantice la estabilidad laboral de los trabajadores, que se cumpla el Convenio Colectivo, el respeto por la antig\u00fcedad\u00bb.<\/p>\n","protected":false},"excerpt":{"rendered":"<p>El mi\u00e9rcoles \u00faltimo ingres\u00f3 a la C\u00e1mara de Diputados el proyecto por el que se crea la Sociedad Operadora de<\/p>\n","protected":false},"author":2,"featured_media":3596,"comment_status":"closed","ping_status":"closed","sticky":false,"template":"","format":"standard","meta":{"footnotes":"","jetpack_publicize_message":"","jetpack_publicize_feature_enabled":true,"jetpack_social_post_already_shared":false,"jetpack_social_options":{"image_generator_settings":{"template":"highway","enabled":false},"version":2}},"categories":[12],"tags":[],"class_list":["post-3595","post","type-post","status-publish","format-standard","has-post-thumbnail","hentry","category-politica"],"jetpack_publicize_connections":[],"_links":{"self":[{"href":"https:\/\/diariorepublica.com.ar\/web\/index.php\/wp-json\/wp\/v2\/posts\/3595"}],"collection":[{"href":"https:\/\/diariorepublica.com.ar\/web\/index.php\/wp-json\/wp\/v2\/posts"}],"about":[{"href":"https:\/\/diariorepublica.com.ar\/web\/index.php\/wp-json\/wp\/v2\/types\/post"}],"author":[{"embeddable":true,"href":"https:\/\/diariorepublica.com.ar\/web\/index.php\/wp-json\/wp\/v2\/users\/2"}],"replies":[{"embeddable":true,"href":"https:\/\/diariorepublica.com.ar\/web\/index.php\/wp-json\/wp\/v2\/comments?post=3595"}],"version-history":[{"count":1,"href":"https:\/\/diariorepublica.com.ar\/web\/index.php\/wp-json\/wp\/v2\/posts\/3595\/revisions"}],"predecessor-version":[{"id":3597,"href":"https:\/\/diariorepublica.com.ar\/web\/index.php\/wp-json\/wp\/v2\/posts\/3595\/revisions\/3597"}],"wp:featuredmedia":[{"embeddable":true,"href":"https:\/\/diariorepublica.com.ar\/web\/index.php\/wp-json\/wp\/v2\/media\/3596"}],"wp:attachment":[{"href":"https:\/\/diariorepublica.com.ar\/web\/index.php\/wp-json\/wp\/v2\/media?parent=3595"}],"wp:term":[{"taxonomy":"category","embeddable":true,"href":"https:\/\/diariorepublica.com.ar\/web\/index.php\/wp-json\/wp\/v2\/categories?post=3595"},{"taxonomy":"post_tag","embeddable":true,"href":"https:\/\/diariorepublica.com.ar\/web\/index.php\/wp-json\/wp\/v2\/tags?post=3595"}],"curies":[{"name":"wp","href":"https:\/\/api.w.org\/{rel}","templated":true}]}}