{"id":3598,"date":"2023-06-05T09:35:38","date_gmt":"2023-06-05T12:35:38","guid":{"rendered":"https:\/\/diariorepublica.com.ar\/web\/?p=3598"},"modified":"2023-06-05T09:35:39","modified_gmt":"2023-06-05T12:35:39","slug":"este-fallo-pone-un-manto-de-dudas-sobre-la-credibilidad-del-poder-judicial","status":"publish","type":"post","link":"https:\/\/diariorepublica.com.ar\/web\/index.php\/politica\/2023\/06\/05\/este-fallo-pone-un-manto-de-dudas-sobre-la-credibilidad-del-poder-judicial\/","title":{"rendered":"Este fallo pone un manto de dudas sobre la credibilidad del Poder Judicial"},"content":{"rendered":"<p>Luego de la pol\u00e9mica generada tras la resoluci\u00f3n del tribunal pol\u00edtico que absolvi\u00f3 y determin\u00f3 la restituci\u00f3n en sus funciones a Laureano Palacios, el ministro de Gobierno, Juan Cruz Miranda expres\u00f3 \u201cEl gobierno est\u00e1 sorprendido por el veredicto del jury de enjuiciamiento contra el fiscal Palacios, consider\u00e1ndolo decepcionante. Es una decisi\u00f3n que afecta a la credibilidad del sistema judicial porque la sentencia de la mayor\u00eda del tribunal de jury es contraria a las irregularidades expuestas en el alegato del Fiscal acusador\u201d.<\/p>\n<p>Y asegur\u00f3 que \u201cel gobierno hace suyo el alegato del fiscal Mauvec\u00edn, quien afirm\u00f3 que la actuaci\u00f3n de Palacios lesion\u00f3 la credibilidad de la justicia catamarque\u00f1a, porque no condujo la investigaci\u00f3n de un hecho de gravedad institucional y su desempe\u00f1o pone en duda el servicio de justicia que pueda proveer de ahora en adelante\u201d.<\/p>\n","protected":false},"excerpt":{"rendered":"<p>Luego de la pol\u00e9mica generada tras la resoluci\u00f3n del tribunal pol\u00edtico que absolvi\u00f3 y determin\u00f3 la restituci\u00f3n en sus funciones<\/p>\n","protected":false},"author":2,"featured_media":3599,"comment_status":"closed","ping_status":"closed","sticky":false,"template":"","format":"standard","meta":{"footnotes":"","jetpack_publicize_message":"","jetpack_publicize_feature_enabled":true,"jetpack_social_post_already_shared":false,"jetpack_social_options":{"image_generator_settings":{"template":"highway","enabled":false},"version":2}},"categories":[12],"tags":[],"class_list":["post-3598","post","type-post","status-publish","format-standard","has-post-thumbnail","hentry","category-politica"],"jetpack_publicize_connections":[],"_links":{"self":[{"href":"https:\/\/diariorepublica.com.ar\/web\/index.php\/wp-json\/wp\/v2\/posts\/3598"}],"collection":[{"href":"https:\/\/diariorepublica.com.ar\/web\/index.php\/wp-json\/wp\/v2\/posts"}],"about":[{"href":"https:\/\/diariorepublica.com.ar\/web\/index.php\/wp-json\/wp\/v2\/types\/post"}],"author":[{"embeddable":true,"href":"https:\/\/diariorepublica.com.ar\/web\/index.php\/wp-json\/wp\/v2\/users\/2"}],"replies":[{"embeddable":true,"href":"https:\/\/diariorepublica.com.ar\/web\/index.php\/wp-json\/wp\/v2\/comments?post=3598"}],"version-history":[{"count":1,"href":"https:\/\/diariorepublica.com.ar\/web\/index.php\/wp-json\/wp\/v2\/posts\/3598\/revisions"}],"predecessor-version":[{"id":3600,"href":"https:\/\/diariorepublica.com.ar\/web\/index.php\/wp-json\/wp\/v2\/posts\/3598\/revisions\/3600"}],"wp:featuredmedia":[{"embeddable":true,"href":"https:\/\/diariorepublica.com.ar\/web\/index.php\/wp-json\/wp\/v2\/media\/3599"}],"wp:attachment":[{"href":"https:\/\/diariorepublica.com.ar\/web\/index.php\/wp-json\/wp\/v2\/media?parent=3598"}],"wp:term":[{"taxonomy":"category","embeddable":true,"href":"https:\/\/diariorepublica.com.ar\/web\/index.php\/wp-json\/wp\/v2\/categories?post=3598"},{"taxonomy":"post_tag","embeddable":true,"href":"https:\/\/diariorepublica.com.ar\/web\/index.php\/wp-json\/wp\/v2\/tags?post=3598"}],"curies":[{"name":"wp","href":"https:\/\/api.w.org\/{rel}","templated":true}]}}