{"id":3607,"date":"2023-06-05T11:37:56","date_gmt":"2023-06-05T14:37:56","guid":{"rendered":"https:\/\/diariorepublica.com.ar\/web\/?p=3607"},"modified":"2023-06-05T11:37:58","modified_gmt":"2023-06-05T14:37:58","slug":"es-un-circo-el-acto-que-hizo-jalil-y-burgos-en-valle-chico","status":"publish","type":"post","link":"https:\/\/diariorepublica.com.ar\/web\/index.php\/sociedad\/2023\/06\/05\/es-un-circo-el-acto-que-hizo-jalil-y-burgos-en-valle-chico\/","title":{"rendered":"\u00abEs un circo el acto que hizo Jalil y Burgos en Valle Chico\u00bb"},"content":{"rendered":"<p>Jos\u00e9 Traverso, referente de ATE Salud, la entidad gremial que pertenece a ATE, apunt\u00f3 que la nueva condici\u00f3n laboral es \u00abun derecho\u00bb.\u00a0 Cumpliendo con la promesa hecha en el mensaje del 1\u00b0 de Mayo, en el dia de hoy, el gobernador Raul Jalil procedi\u00f3 a rubricar las mejoras laborales para 382 trabajadores sanitaristas que pasan de contrato de guardia a plantas no permanentes<\/p>\n<p>Sobre el acto que se llev\u00f3 a cabo en el Centro Sanitario del Complejo habitacional Valle Chico, el secretario gral de ATE Salud, Jose Traverso en dialogo con FM REPUBLICA 103.1, sali\u00f3 a marcar que el acto es parte de \u00abun circo\u201d y volvi\u00f3 a abrir dudas sobre la confecci\u00f3n de la lista, aunque el mismo secretario general de ATE, Ricardo Ar\u00e9valo fue uno de los firmantes de la n\u00f3mina que dio el visto bueno al anuncio del Gobernador. M\u00e1s all\u00e1 de esto, que en su momento fue excusado como un \u201cacto de buena fe\u201d, Jos\u00e9 Traverso adelant\u00f3 que el sector del que es referente dir\u00e1 presente en el acto y pidi\u00f3, desde sus redes sociales a los trabajadores, en especial, a los beneficiados \u201cya vayan a pesar de que va a estar Jalil y Burgos y est\u00e9 todo este circo, porque es eso lo que arman. Porque en realidad este pase a contrato de planta no permanente es un derecho porque en realidad no pueden estar precarizados, ni en salud ni en ning\u00fan otro lado\u201d.<\/p>\n<p>En cuanto a quienes consideran que quedaron por fuera de este listado, Traverso los invit\u00f3 a hacer las presentaciones pertinentes en ATE y de esta manera iniciar el camino para ver si su no inclusi\u00f3n en la n\u00f3mina es injusta.<\/p>\n","protected":false},"excerpt":{"rendered":"<p>Jos\u00e9 Traverso, referente de ATE Salud, la entidad gremial que pertenece a ATE, apunt\u00f3 que la nueva condici\u00f3n laboral es<\/p>\n","protected":false},"author":2,"featured_media":3608,"comment_status":"closed","ping_status":"closed","sticky":false,"template":"","format":"standard","meta":{"footnotes":"","jetpack_publicize_message":"","jetpack_publicize_feature_enabled":true,"jetpack_social_post_already_shared":false,"jetpack_social_options":{"image_generator_settings":{"template":"highway","enabled":false},"version":2}},"categories":[3],"tags":[],"class_list":["post-3607","post","type-post","status-publish","format-standard","has-post-thumbnail","hentry","category-sociedad"],"jetpack_publicize_connections":[],"_links":{"self":[{"href":"https:\/\/diariorepublica.com.ar\/web\/index.php\/wp-json\/wp\/v2\/posts\/3607"}],"collection":[{"href":"https:\/\/diariorepublica.com.ar\/web\/index.php\/wp-json\/wp\/v2\/posts"}],"about":[{"href":"https:\/\/diariorepublica.com.ar\/web\/index.php\/wp-json\/wp\/v2\/types\/post"}],"author":[{"embeddable":true,"href":"https:\/\/diariorepublica.com.ar\/web\/index.php\/wp-json\/wp\/v2\/users\/2"}],"replies":[{"embeddable":true,"href":"https:\/\/diariorepublica.com.ar\/web\/index.php\/wp-json\/wp\/v2\/comments?post=3607"}],"version-history":[{"count":1,"href":"https:\/\/diariorepublica.com.ar\/web\/index.php\/wp-json\/wp\/v2\/posts\/3607\/revisions"}],"predecessor-version":[{"id":3609,"href":"https:\/\/diariorepublica.com.ar\/web\/index.php\/wp-json\/wp\/v2\/posts\/3607\/revisions\/3609"}],"wp:featuredmedia":[{"embeddable":true,"href":"https:\/\/diariorepublica.com.ar\/web\/index.php\/wp-json\/wp\/v2\/media\/3608"}],"wp:attachment":[{"href":"https:\/\/diariorepublica.com.ar\/web\/index.php\/wp-json\/wp\/v2\/media?parent=3607"}],"wp:term":[{"taxonomy":"category","embeddable":true,"href":"https:\/\/diariorepublica.com.ar\/web\/index.php\/wp-json\/wp\/v2\/categories?post=3607"},{"taxonomy":"post_tag","embeddable":true,"href":"https:\/\/diariorepublica.com.ar\/web\/index.php\/wp-json\/wp\/v2\/tags?post=3607"}],"curies":[{"name":"wp","href":"https:\/\/api.w.org\/{rel}","templated":true}]}}