{"id":366,"date":"2023-03-27T07:32:11","date_gmt":"2023-03-27T10:32:11","guid":{"rendered":"https:\/\/diariorepublica.com.ar\/web\/?p=366"},"modified":"2023-03-27T07:32:12","modified_gmt":"2023-03-27T10:32:12","slug":"se-llevo-a-cabo-el-torneo-de-futbol-infantil-de-la-vicegobernacion","status":"publish","type":"post","link":"https:\/\/diariorepublica.com.ar\/web\/index.php\/locales\/2023\/03\/27\/se-llevo-a-cabo-el-torneo-de-futbol-infantil-de-la-vicegobernacion\/","title":{"rendered":"Se llev\u00f3 a cabo el Torneo de F\u00fatbol infantil de la Vicegobernaci\u00f3n"},"content":{"rendered":"<p>Ni\u00f1os y ni\u00f1as de toda la capital participaron acompa\u00f1ados por sus familias del Torneo de F\u00fatbol Infantil de la Vicegobernaci\u00f3n, que se llev\u00f3 adelante en la tarde de viernes en la Plaza Vida del Barrio 40 Viviendas.<\/p>\n<p>El evento deportivo convoc\u00f3 de esta manera jugadores de la categor\u00eda 2013 y 2014 para jugar este torneo, que funcion\u00f3 tambi\u00e9n como un encuentro de familias, incluyendo una entrega de premios y la animaci\u00f3n de la jornada con m\u00fasica en vivo.<\/p>\n<p>\u201cFue una oportunidad para el encuentro, el disfrute de la sana competencia y la alegr\u00eda de hacer nuevas amistades, valores que el deporte nos sabe ense\u00f1ar con cada pr\u00e1ctica y con cada desaf\u00edo\u201d, expres\u00f3 el vicegobernador Rub\u00e9n Dusso en sus redes.<\/p>\n","protected":false},"excerpt":{"rendered":"<p>Ni\u00f1os y ni\u00f1as de toda la capital participaron acompa\u00f1ados por sus familias del Torneo de F\u00fatbol Infantil de la Vicegobernaci\u00f3n,<\/p>\n","protected":false},"author":1,"featured_media":367,"comment_status":"closed","ping_status":"closed","sticky":false,"template":"","format":"standard","meta":{"footnotes":"","jetpack_publicize_message":"","jetpack_publicize_feature_enabled":true,"jetpack_social_post_already_shared":false,"jetpack_social_options":{"image_generator_settings":{"template":"highway","enabled":false},"version":2}},"categories":[2],"tags":[],"class_list":["post-366","post","type-post","status-publish","format-standard","has-post-thumbnail","hentry","category-locales"],"jetpack_publicize_connections":[],"_links":{"self":[{"href":"https:\/\/diariorepublica.com.ar\/web\/index.php\/wp-json\/wp\/v2\/posts\/366"}],"collection":[{"href":"https:\/\/diariorepublica.com.ar\/web\/index.php\/wp-json\/wp\/v2\/posts"}],"about":[{"href":"https:\/\/diariorepublica.com.ar\/web\/index.php\/wp-json\/wp\/v2\/types\/post"}],"author":[{"embeddable":true,"href":"https:\/\/diariorepublica.com.ar\/web\/index.php\/wp-json\/wp\/v2\/users\/1"}],"replies":[{"embeddable":true,"href":"https:\/\/diariorepublica.com.ar\/web\/index.php\/wp-json\/wp\/v2\/comments?post=366"}],"version-history":[{"count":1,"href":"https:\/\/diariorepublica.com.ar\/web\/index.php\/wp-json\/wp\/v2\/posts\/366\/revisions"}],"predecessor-version":[{"id":368,"href":"https:\/\/diariorepublica.com.ar\/web\/index.php\/wp-json\/wp\/v2\/posts\/366\/revisions\/368"}],"wp:featuredmedia":[{"embeddable":true,"href":"https:\/\/diariorepublica.com.ar\/web\/index.php\/wp-json\/wp\/v2\/media\/367"}],"wp:attachment":[{"href":"https:\/\/diariorepublica.com.ar\/web\/index.php\/wp-json\/wp\/v2\/media?parent=366"}],"wp:term":[{"taxonomy":"category","embeddable":true,"href":"https:\/\/diariorepublica.com.ar\/web\/index.php\/wp-json\/wp\/v2\/categories?post=366"},{"taxonomy":"post_tag","embeddable":true,"href":"https:\/\/diariorepublica.com.ar\/web\/index.php\/wp-json\/wp\/v2\/tags?post=366"}],"curies":[{"name":"wp","href":"https:\/\/api.w.org\/{rel}","templated":true}]}}