{"id":3662,"date":"2023-06-07T10:54:12","date_gmt":"2023-06-07T13:54:12","guid":{"rendered":"https:\/\/diariorepublica.com.ar\/web\/?p=3662"},"modified":"2023-06-07T10:54:15","modified_gmt":"2023-06-07T13:54:15","slug":"cecilia-guerrero-renuncio-a-su-cargo-en-el-jury-de-enjuiciamiento","status":"publish","type":"post","link":"https:\/\/diariorepublica.com.ar\/web\/index.php\/politica\/2023\/06\/07\/cecilia-guerrero-renuncio-a-su-cargo-en-el-jury-de-enjuiciamiento\/","title":{"rendered":"Cecilia Guerrero renunci\u00f3 a su cargo en el Jury de Enjuiciamiento"},"content":{"rendered":"<p>La presidenta de la C\u00e1mara de Diputados present\u00f3 hace instantes su renuncia a integrar el Tribunal como parte de la Legislatura al Jury de Enjuiciamiento a Funcionarios y Magistrados del Poder judicial.<\/p>\n<p>Mediante un comunicado, Cecilia Guerrero expres\u00f3 \u00abTengo el agrado de dirigirme a Ustedes, a fines de poner a consideraci\u00f3n del Cuerpo mi renuncia a la representaci\u00f3n que ejerzo de la C\u00e1mara de Diputados ante el Jurado de Enjuiciamiento de Magistrados y Funcionarios Judiciales -Ley 4247-, para el cual fuera nominada oportunamente por parte de mis compa\u00f1eras y compa\u00f1eros Diputados del Bloque del Frente de Todos\u00bb, expresa el texto presentado por Guerrero ante el jury.<\/p>\n<p>La presidenta de la C\u00e1mara explic\u00f3 que su decisi\u00f3n fue motivada por \u00abla expresi\u00f3n de la bancada a la que pertenezco de no compartir la posici\u00f3n adoptada por mi parte al emitir el veredicto en el enjuiciamiento seguido contra el fiscal de Instrucci\u00f3n de 2da. nominaci\u00f3n, Laureano Palacios\u00bb.<\/p>\n<p>\u00abRatifico lo expresado p\u00fablicamente con relaci\u00f3n a que mi voto fue producto de la libre e intima convicci\u00f3n que se fuera formando durante la audiencia del debate y la valoraci\u00f3n de la prueba ofrecida, dentro del limitado margen del objeto de la pretensi\u00f3n acusatoria esgrimida por el Sr. Fiscal del Jury, que dej\u00f3 afuera del \u00e1mbito de conocimiento, merituaci\u00f3n y decisi\u00f3n de los miembros del Jurado, a la totalidad de los hechos acontecidos y las actuaciones cumplidas a partir del hallazgo mismo del cuerpo de quien fuera en vida nuestro compa\u00f1ero, Juan Carlos Rojas, y hasta la entrega del cuerpo de la victima a sus familiares luego de la realizaci\u00f3n de la primera autopsia. Con lo cual, el \u00fanico hecho por el que la Fiscal\u00eda acus\u00f3 al Dr. Palacios, fue justamente haber entregado el cuerpo a las 21,50 horas del d\u00eda 4 de Diciembre de 2022, y demorado la orden para practicar la segunda operaci\u00f3n de autopsia hasta las 7,00 horas del d\u00eda siguiente (5 de Diciembre)\u00bb, explic\u00f3 la diputada siguiendo la l\u00ednea de las publicaciones realizadas ayer en sus redes sociales.<\/p>\n<p>Finalmente remiti\u00f3 su actuaci\u00f3n a los argumentos que se dar\u00e1n a conocer el 16 de junio.<\/p>\n","protected":false},"excerpt":{"rendered":"<p>La presidenta de la C\u00e1mara de Diputados present\u00f3 hace instantes su renuncia a integrar el Tribunal como parte de la<\/p>\n","protected":false},"author":2,"featured_media":3658,"comment_status":"closed","ping_status":"closed","sticky":false,"template":"","format":"standard","meta":{"footnotes":"","jetpack_publicize_message":"","jetpack_publicize_feature_enabled":true,"jetpack_social_post_already_shared":false,"jetpack_social_options":{"image_generator_settings":{"template":"highway","enabled":false},"version":2}},"categories":[12],"tags":[],"class_list":["post-3662","post","type-post","status-publish","format-standard","has-post-thumbnail","hentry","category-politica"],"jetpack_publicize_connections":[],"_links":{"self":[{"href":"https:\/\/diariorepublica.com.ar\/web\/index.php\/wp-json\/wp\/v2\/posts\/3662"}],"collection":[{"href":"https:\/\/diariorepublica.com.ar\/web\/index.php\/wp-json\/wp\/v2\/posts"}],"about":[{"href":"https:\/\/diariorepublica.com.ar\/web\/index.php\/wp-json\/wp\/v2\/types\/post"}],"author":[{"embeddable":true,"href":"https:\/\/diariorepublica.com.ar\/web\/index.php\/wp-json\/wp\/v2\/users\/2"}],"replies":[{"embeddable":true,"href":"https:\/\/diariorepublica.com.ar\/web\/index.php\/wp-json\/wp\/v2\/comments?post=3662"}],"version-history":[{"count":1,"href":"https:\/\/diariorepublica.com.ar\/web\/index.php\/wp-json\/wp\/v2\/posts\/3662\/revisions"}],"predecessor-version":[{"id":3663,"href":"https:\/\/diariorepublica.com.ar\/web\/index.php\/wp-json\/wp\/v2\/posts\/3662\/revisions\/3663"}],"wp:featuredmedia":[{"embeddable":true,"href":"https:\/\/diariorepublica.com.ar\/web\/index.php\/wp-json\/wp\/v2\/media\/3658"}],"wp:attachment":[{"href":"https:\/\/diariorepublica.com.ar\/web\/index.php\/wp-json\/wp\/v2\/media?parent=3662"}],"wp:term":[{"taxonomy":"category","embeddable":true,"href":"https:\/\/diariorepublica.com.ar\/web\/index.php\/wp-json\/wp\/v2\/categories?post=3662"},{"taxonomy":"post_tag","embeddable":true,"href":"https:\/\/diariorepublica.com.ar\/web\/index.php\/wp-json\/wp\/v2\/tags?post=3662"}],"curies":[{"name":"wp","href":"https:\/\/api.w.org\/{rel}","templated":true}]}}