{"id":3664,"date":"2023-06-07T11:06:00","date_gmt":"2023-06-07T14:06:00","guid":{"rendered":"https:\/\/diariorepublica.com.ar\/web\/?p=3664"},"modified":"2023-06-07T11:06:01","modified_gmt":"2023-06-07T14:06:01","slug":"legisladores-oficialistas-le-pidieron-la-renuncia-al-fiscal-laureano-palacios","status":"publish","type":"post","link":"https:\/\/diariorepublica.com.ar\/web\/index.php\/politica\/2023\/06\/07\/legisladores-oficialistas-le-pidieron-la-renuncia-al-fiscal-laureano-palacios\/","title":{"rendered":"Legisladores oficialistas le pidieron la renuncia al fiscal Laureano Palacios"},"content":{"rendered":"<p>El bloque de diputados del oficialismo emiti\u00f3 un comunicado donde solicit\u00f3 la renuncia del cuestionado fiscal de Instrucci\u00f3n Num 2 Laureano Palacios. El escrito dado a conocer publicamente se\u00f1ala:<\/p>\n<p>\u00abComo integrantes del Bloque del Frente de Todos queremos manifestar nuestra preocupaci\u00f3n y decepci\u00f3n ante el fallo del Jury de enjuiciamiento contra el fiscal Laureano Palacios.<\/p>\n<p>Este Bloque expresa que la decisi\u00f3n tomada por la representante del oficialismo fue basada en sus convicciones personales, no expresa la voluntad de la totalidad del Bloque.<\/p>\n<p>La crisis sist\u00e9mica de la instituci\u00f3n judicial es de larga data y ejemplos sobran a lo largo y ancho del pa\u00eds. Es necesario hacer todos los esfuerzos para restablecer la credibilidad en la administraci\u00f3n de justicia. Esta situaci\u00f3n visibiliza y pone nuevamente en agenda la urgencia de la reforma constitucional como marco que posibilite una reforma judicial profunda con el aporte y el compromiso activo de todos los sectores de la sociedad, instituciones y operadores del sistema judicial.<\/p>\n<p>Hacemos un llamado a toda la ciudadan\u00eda a participar de un debate serio, responsable y alejado de todas las pasiones e intereses electorales, sectoriales y partidarios sobre la justicia que merecemos como pueblo.<\/p>\n<p>Con mezquindades e intereses espurios no se podr\u00e1 avanzar, cada cual debe dar de si el mejor aporte en aras de la concreci\u00f3n de una justicia para todos y todas.<\/p>\n<p>Para que el poder judicial vuelva a ser cre\u00edble es imperiosa su democratizaci\u00f3n y aplicaci\u00f3n respecto de los principios republicanos.<\/p>\n<p>Consustanciados por el clamor social y en b\u00fasqueda de restablecer la confianza en las instituciones es que exigimos la renuncia del Fiscal de Instrucci\u00f3n Segunda Nominaci\u00f3n Laureano Palacios.<\/p>\n<p>Exigimos justicia y el pronto esclarecimiento del caso de la muerte de nuestro compa\u00f1ero Juan Carlos Rojas\u00bb.<\/p>\n","protected":false},"excerpt":{"rendered":"<p>El bloque de diputados del oficialismo emiti\u00f3 un comunicado donde solicit\u00f3 la renuncia del cuestionado fiscal de Instrucci\u00f3n Num 2<\/p>\n","protected":false},"author":2,"featured_media":3665,"comment_status":"closed","ping_status":"closed","sticky":false,"template":"","format":"standard","meta":{"footnotes":"","jetpack_publicize_message":"","jetpack_publicize_feature_enabled":true,"jetpack_social_post_already_shared":false,"jetpack_social_options":{"image_generator_settings":{"template":"highway","enabled":false},"version":2}},"categories":[12],"tags":[],"class_list":["post-3664","post","type-post","status-publish","format-standard","has-post-thumbnail","hentry","category-politica"],"jetpack_publicize_connections":[],"_links":{"self":[{"href":"https:\/\/diariorepublica.com.ar\/web\/index.php\/wp-json\/wp\/v2\/posts\/3664"}],"collection":[{"href":"https:\/\/diariorepublica.com.ar\/web\/index.php\/wp-json\/wp\/v2\/posts"}],"about":[{"href":"https:\/\/diariorepublica.com.ar\/web\/index.php\/wp-json\/wp\/v2\/types\/post"}],"author":[{"embeddable":true,"href":"https:\/\/diariorepublica.com.ar\/web\/index.php\/wp-json\/wp\/v2\/users\/2"}],"replies":[{"embeddable":true,"href":"https:\/\/diariorepublica.com.ar\/web\/index.php\/wp-json\/wp\/v2\/comments?post=3664"}],"version-history":[{"count":1,"href":"https:\/\/diariorepublica.com.ar\/web\/index.php\/wp-json\/wp\/v2\/posts\/3664\/revisions"}],"predecessor-version":[{"id":3666,"href":"https:\/\/diariorepublica.com.ar\/web\/index.php\/wp-json\/wp\/v2\/posts\/3664\/revisions\/3666"}],"wp:featuredmedia":[{"embeddable":true,"href":"https:\/\/diariorepublica.com.ar\/web\/index.php\/wp-json\/wp\/v2\/media\/3665"}],"wp:attachment":[{"href":"https:\/\/diariorepublica.com.ar\/web\/index.php\/wp-json\/wp\/v2\/media?parent=3664"}],"wp:term":[{"taxonomy":"category","embeddable":true,"href":"https:\/\/diariorepublica.com.ar\/web\/index.php\/wp-json\/wp\/v2\/categories?post=3664"},{"taxonomy":"post_tag","embeddable":true,"href":"https:\/\/diariorepublica.com.ar\/web\/index.php\/wp-json\/wp\/v2\/tags?post=3664"}],"curies":[{"name":"wp","href":"https:\/\/api.w.org\/{rel}","templated":true}]}}