{"id":3673,"date":"2023-06-07T14:55:00","date_gmt":"2023-06-07T17:55:00","guid":{"rendered":"https:\/\/diariorepublica.com.ar\/web\/?p=3673"},"modified":"2023-06-07T17:55:53","modified_gmt":"2023-06-07T20:55:53","slug":"se-entregaron-los-premios-del-concurso-de-comic-manga-catamarca","status":"publish","type":"post","link":"https:\/\/diariorepublica.com.ar\/web\/index.php\/locales\/2023\/06\/07\/se-entregaron-los-premios-del-concurso-de-comic-manga-catamarca\/","title":{"rendered":"<strong>Se entregaron los premios del concurso de \u201cC\u00f3mic &amp; Manga Catamarca\u201d<\/strong>"},"content":{"rendered":"<p>Esta ma\u00f1ana en la Biblioteca del Senado se realiz\u00f3 la entrega de premios correspondiente al evento de \u201cC\u00f3mic &amp; Manga Catamarca\u201d, que organiz\u00f3 la Vicegobernaci\u00f3n de la provincia.<\/p>\n<p>Estuvieron presentes en la ceremonia de entrega; la senadora Susana D\u00edaz; la secretaria parlamentaria, Rosa Ferreyra; la subsecretaria de Administraci\u00f3n, Alina Chayle; el subsecretario parlamentario, Julio Macedo; y en representaci\u00f3n del Ministerio de Ciencia e Innovaci\u00f3n Tecnol\u00f3gica, el artista Miguel Castro.<\/p>\n<p>El evento cont\u00f3 con exhibiciones y premiaci\u00f3n de obras, as\u00ed como la premiaci\u00f3n del cosplay m\u00e1s logrado.<\/p>\n<p>Los premios de esta manera fueron, por categor\u00edas, a las y los siguientes concursantes:<\/p>\n<p>Categor\u00eda Comic &#8211; manga<\/p>\n<p>1\u00b0 Guzm\u00e1n Josefina<\/p>\n<p>2\u00b0 Jalile Leonardo Emanuel<\/p>\n<p>3\u00b0 Oca\u00f1a \u00c1lvarez Guillermo<\/p>\n<p>Categor\u00eda Webtoon<\/p>\n<p>1\u00b0 Barreto Cuello Miqueas Ferm\u00edn<\/p>\n<p>2\u00b0 Romero Angatupyry<\/p>\n<p>3\u00b0 Plaza Milagros<\/p>\n<p>Categor\u00eda Ilustraci\u00f3n<\/p>\n<p>1\u00b0 D\u00edaz Ariana Ang\u00e9lica<\/p>\n<p>2\u00b0 D\u00edaz, Asiri<\/p>\n<p>3\u00b0 Barros, Martha<\/p>\n<p>Reconocimiento al m\u00e1s logrado cosplay :<\/p>\n<p>\u2022\u00a0\u00a0\u00a0\u00a0\u00a0\u00a0\u00a0\u00a0\u00a0\u00a0\u00a0 Amador Virginia<\/p>\n<p>\u2022\u00a0\u00a0\u00a0\u00a0\u00a0\u00a0\u00a0\u00a0\u00a0\u00a0\u00a0 Belmonte Ruth<\/p>\n<p>\u2022\u00a0\u00a0\u00a0\u00a0\u00a0\u00a0\u00a0\u00a0\u00a0\u00a0\u00a0 Ferrero Agust\u00edn<\/p>\n<p>\u2022\u00a0\u00a0\u00a0\u00a0\u00a0\u00a0\u00a0\u00a0\u00a0\u00a0\u00a0 L\u00f3pez Naiara<\/p>\n<p>Por \u00faltimo se entregaron certificados de participaci\u00f3n a los concursantes presentes, as\u00ed como un reconocimiento a los evaluadores del concurso: Pablo Martinena, Javier Andr\u00e9s Herrera, Rita Vera y Yasmin Molina.<\/p>\n<div class=\"yj6qo\"><\/div>\n<div class=\"adL\"><\/div>\n","protected":false},"excerpt":{"rendered":"<p>Esta ma\u00f1ana en la Biblioteca del Senado se realiz\u00f3 la entrega de premios correspondiente al evento de \u201cC\u00f3mic &amp; Manga<\/p>\n","protected":false},"author":1,"featured_media":3674,"comment_status":"closed","ping_status":"closed","sticky":false,"template":"","format":"standard","meta":{"footnotes":"","jetpack_publicize_message":"","jetpack_publicize_feature_enabled":true,"jetpack_social_post_already_shared":false,"jetpack_social_options":{"image_generator_settings":{"template":"highway","enabled":false},"version":2}},"categories":[2],"tags":[],"class_list":["post-3673","post","type-post","status-publish","format-standard","has-post-thumbnail","hentry","category-locales"],"jetpack_publicize_connections":[],"_links":{"self":[{"href":"https:\/\/diariorepublica.com.ar\/web\/index.php\/wp-json\/wp\/v2\/posts\/3673"}],"collection":[{"href":"https:\/\/diariorepublica.com.ar\/web\/index.php\/wp-json\/wp\/v2\/posts"}],"about":[{"href":"https:\/\/diariorepublica.com.ar\/web\/index.php\/wp-json\/wp\/v2\/types\/post"}],"author":[{"embeddable":true,"href":"https:\/\/diariorepublica.com.ar\/web\/index.php\/wp-json\/wp\/v2\/users\/1"}],"replies":[{"embeddable":true,"href":"https:\/\/diariorepublica.com.ar\/web\/index.php\/wp-json\/wp\/v2\/comments?post=3673"}],"version-history":[{"count":1,"href":"https:\/\/diariorepublica.com.ar\/web\/index.php\/wp-json\/wp\/v2\/posts\/3673\/revisions"}],"predecessor-version":[{"id":3675,"href":"https:\/\/diariorepublica.com.ar\/web\/index.php\/wp-json\/wp\/v2\/posts\/3673\/revisions\/3675"}],"wp:featuredmedia":[{"embeddable":true,"href":"https:\/\/diariorepublica.com.ar\/web\/index.php\/wp-json\/wp\/v2\/media\/3674"}],"wp:attachment":[{"href":"https:\/\/diariorepublica.com.ar\/web\/index.php\/wp-json\/wp\/v2\/media?parent=3673"}],"wp:term":[{"taxonomy":"category","embeddable":true,"href":"https:\/\/diariorepublica.com.ar\/web\/index.php\/wp-json\/wp\/v2\/categories?post=3673"},{"taxonomy":"post_tag","embeddable":true,"href":"https:\/\/diariorepublica.com.ar\/web\/index.php\/wp-json\/wp\/v2\/tags?post=3673"}],"curies":[{"name":"wp","href":"https:\/\/api.w.org\/{rel}","templated":true}]}}