{"id":3676,"date":"2023-06-07T10:57:00","date_gmt":"2023-06-07T13:57:00","guid":{"rendered":"https:\/\/diariorepublica.com.ar\/web\/?p=3676"},"modified":"2023-06-07T17:57:56","modified_gmt":"2023-06-07T20:57:56","slug":"el-gobernador-recorrio-obras-en-capayan","status":"publish","type":"post","link":"https:\/\/diariorepublica.com.ar\/web\/index.php\/sociedad\/2023\/06\/07\/el-gobernador-recorrio-obras-en-capayan\/","title":{"rendered":"El Gobernador recorri\u00f3 obras en Capay\u00e1n"},"content":{"rendered":"<p>El gobernador Ra\u00fal Jalil visit\u00f3 el departamento de Capay\u00e1n, donde recorri\u00f3 obras y confirm\u00f3 la financiaci\u00f3n para la obra de refuncionalizaci\u00f3n del Polideportivo de Huillapima.<\/p>\n<p>El mandatario provincial, junto con su equipo de trabajo, visit\u00f3 el terreno de la antigua escuela secundaria de Nueva Coneta, donde actualmente funciona el Centro de Formaci\u00f3n N\u00b03. Este espacio ser\u00e1 destinado para la adecuaci\u00f3n y construcci\u00f3n de un centro de salud, como parte de un convenio entre el Ministerio de Salud de la Provincia y el municipio. El objetivo es construir un minihospital que beneficie a los habitantes de Nueva Coneta, una obra fundamental y esperada por a\u00f1os por los residentes de la localidad.<\/p>\n<p>Tambi\u00e9n dialog\u00f3 con las autoridades municipales sobre la construcci\u00f3n de un jard\u00edn de infantes en Nueva Coneta, con el apoyo del Ministerio de Infraestructura y Obras Civiles.<\/p>\n<p>Luego, la comitiva oficial se traslad\u00f3 luego a la localidad de Huillapima, donde el Gobernador junto al intendente Omar Soria, dejaron habilitado 3.000 metros de asfalto, una obra de gran importancia para la circulaci\u00f3n diaria de la comunidad. El Gobierno Provincial financi\u00f3 la adquisici\u00f3n del material de asfalto, mientras que el municipio proporcion\u00f3 los insumos y la mano de obra.<\/p>\n<p>Asimismo, el mandatario visit\u00f3 el Polideportivo Municipal de Huillapima donde confirm\u00f3 una inversi\u00f3n de m\u00e1s de $230 millones de pesos por parte del Gobierno Provincial para la refuncionalizaci\u00f3n y refacci\u00f3n de las instalaciones deportivas, indispensables para las actividades de los j\u00f3venes.<\/p>\n<p>El\u00a0<strong>intendente Omar Soria\u00a0<\/strong>agradeci\u00f3 y destac\u00f3 el constante apoyo del gobernador Ra\u00fal Jalil. \u201cRemodelar el Polideportivo es un sue\u00f1o de muchos a\u00f1os que, con la ayuda del Gobernador, tendremos la posibilidad de hacer realidad\u201d, dijo y agreg\u00f3 que \u201ces un lugar de gran importancia para el desarrollo y contenci\u00f3n de los ni\u00f1os de nuestra comunidad\u201d.<\/p>\n","protected":false},"excerpt":{"rendered":"<p>El gobernador Ra\u00fal Jalil visit\u00f3 el departamento de Capay\u00e1n, donde recorri\u00f3 obras y confirm\u00f3 la financiaci\u00f3n para la obra de<\/p>\n","protected":false},"author":1,"featured_media":3677,"comment_status":"closed","ping_status":"closed","sticky":false,"template":"","format":"standard","meta":{"footnotes":"","jetpack_publicize_message":"","jetpack_publicize_feature_enabled":true,"jetpack_social_post_already_shared":false,"jetpack_social_options":{"image_generator_settings":{"template":"highway","enabled":false},"version":2}},"categories":[3],"tags":[],"class_list":["post-3676","post","type-post","status-publish","format-standard","has-post-thumbnail","hentry","category-sociedad"],"jetpack_publicize_connections":[],"_links":{"self":[{"href":"https:\/\/diariorepublica.com.ar\/web\/index.php\/wp-json\/wp\/v2\/posts\/3676"}],"collection":[{"href":"https:\/\/diariorepublica.com.ar\/web\/index.php\/wp-json\/wp\/v2\/posts"}],"about":[{"href":"https:\/\/diariorepublica.com.ar\/web\/index.php\/wp-json\/wp\/v2\/types\/post"}],"author":[{"embeddable":true,"href":"https:\/\/diariorepublica.com.ar\/web\/index.php\/wp-json\/wp\/v2\/users\/1"}],"replies":[{"embeddable":true,"href":"https:\/\/diariorepublica.com.ar\/web\/index.php\/wp-json\/wp\/v2\/comments?post=3676"}],"version-history":[{"count":1,"href":"https:\/\/diariorepublica.com.ar\/web\/index.php\/wp-json\/wp\/v2\/posts\/3676\/revisions"}],"predecessor-version":[{"id":3678,"href":"https:\/\/diariorepublica.com.ar\/web\/index.php\/wp-json\/wp\/v2\/posts\/3676\/revisions\/3678"}],"wp:featuredmedia":[{"embeddable":true,"href":"https:\/\/diariorepublica.com.ar\/web\/index.php\/wp-json\/wp\/v2\/media\/3677"}],"wp:attachment":[{"href":"https:\/\/diariorepublica.com.ar\/web\/index.php\/wp-json\/wp\/v2\/media?parent=3676"}],"wp:term":[{"taxonomy":"category","embeddable":true,"href":"https:\/\/diariorepublica.com.ar\/web\/index.php\/wp-json\/wp\/v2\/categories?post=3676"},{"taxonomy":"post_tag","embeddable":true,"href":"https:\/\/diariorepublica.com.ar\/web\/index.php\/wp-json\/wp\/v2\/tags?post=3676"}],"curies":[{"name":"wp","href":"https:\/\/api.w.org\/{rel}","templated":true}]}}