{"id":3707,"date":"2023-06-07T16:20:00","date_gmt":"2023-06-07T19:20:00","guid":{"rendered":"https:\/\/diariorepublica.com.ar\/web\/?p=3707"},"modified":"2023-06-07T18:21:51","modified_gmt":"2023-06-07T21:21:51","slug":"aumentan-los-topes-del-monotributo-cuales-seran-las-nuevas-cifras-a-partir-de-julio","status":"publish","type":"post","link":"https:\/\/diariorepublica.com.ar\/web\/index.php\/economia\/2023\/06\/07\/aumentan-los-topes-del-monotributo-cuales-seran-las-nuevas-cifras-a-partir-de-julio\/","title":{"rendered":"Aumentan los topes del monotributo:\u00a0cu\u00e1les ser\u00e1n las nuevas cifras a partir de julio"},"content":{"rendered":"<p>Los\u00a0monotributistas\u00a0deber\u00e1n hacer en\u00a0<strong>julio<\/strong>\u00a0el\u00a0<strong>tr\u00e1mite obligatorio de recategorizaci\u00f3n<\/strong>\u00a0seg\u00fan los ingresos que facturaron la primera parte del 2023, aunque muchos podr\u00edan verse\u00a0<strong>afectados<\/strong>. El motivo ser\u00eda porque podr\u00edan estar excluidos del monotributo por la inflaci\u00f3n y considerando que\u00a0<strong>sobrepasar\u00edan<\/strong> los l\u00edmites.<\/p>\n<p>Quienes est\u00e9n inscriptos tendr\u00e1n que\u00a0<strong>prestar atenci\u00f3n<\/strong>\u00a0para que luego del tr\u00e1mite no comiencen a tributar por el r\u00e9gimen general (<strong>Ganancias, IVA y Seguridad Social<\/strong>), y no tengan la estructura administrativa para sostener econ\u00f3micamente el cambio.<\/p>\n<p>Por su parte, los monotributistas Asociados de la Rep\u00fablica Argentina (MARA), pidieron que se modifique<strong>\u00a0un 41,5%<\/strong>\u00a0los topes de facturaci\u00f3n para todas las categor\u00edas.<\/p>\n<p>Si la suba de topes de facturaci\u00f3n ser\u00edan para todas las escalas del 40 % por igual, los n\u00fameros ser\u00edan los siguientes:<\/p>\n<ul>\n<li><strong>Categor\u00eda A:<\/strong>\u00a0pasa de $999.657,23 a $1.399.520 ($116.000 por mes).<\/li>\n<li><strong>Categor\u00eda B<\/strong>: de $1.485.976,96 a $2.080.368;<\/li>\n<li><strong>Categor\u00eda C:<\/strong>\u00a0de $2.080.367,73 a $2.912.515;<\/li>\n<li><strong>Categor\u00eda D:<\/strong>\u00a0de $2.583.720,42 a $3.617.208;<\/li>\n<li><strong>Categor\u00eda E:<\/strong>\u00a0el l\u00edmite de facturaci\u00f3n pasa de $3.042.435,05 a $4,259.409;<\/li>\n<li><strong>Categor\u00eda F:<\/strong>\u00a0la facturaci\u00f3n anual pasa de $3.803.043,82 a $5.324.260;<\/li>\n<li><strong>Categor\u00eda G:<\/strong>\u00a0de $4.563.652,57 a $6.389.112;<\/li>\n<li><strong>Categor\u00eda H:<\/strong>\u00a0de $5.650.236,51 a $7.910.330;<\/li>\n<li><strong>Categor\u00eda I:<\/strong>\u00a0de $6.323.918,55 a $8.853.485;<\/li>\n<li><strong>Categor\u00eda J:<\/strong>\u00a0de $7.247.514,92 a $10.146.520;<\/li>\n<li><strong>Categor\u00eda K:<\/strong>\u00a0el tope m\u00e1ximo pasar\u00eda de $8.040.721,19 a $11.257.000.<\/li>\n<\/ul>\n","protected":false},"excerpt":{"rendered":"<p>Los\u00a0monotributistas\u00a0deber\u00e1n hacer en\u00a0julio\u00a0el\u00a0tr\u00e1mite obligatorio de recategorizaci\u00f3n\u00a0seg\u00fan los ingresos que facturaron la primera parte del 2023, aunque muchos podr\u00edan verse\u00a0afectados. El<\/p>\n","protected":false},"author":1,"featured_media":3708,"comment_status":"closed","ping_status":"closed","sticky":false,"template":"","format":"standard","meta":{"footnotes":"","jetpack_publicize_message":"","jetpack_publicize_feature_enabled":true,"jetpack_social_post_already_shared":false,"jetpack_social_options":{"image_generator_settings":{"template":"highway","enabled":false},"version":2}},"categories":[5],"tags":[],"class_list":["post-3707","post","type-post","status-publish","format-standard","has-post-thumbnail","hentry","category-economia"],"jetpack_publicize_connections":[],"_links":{"self":[{"href":"https:\/\/diariorepublica.com.ar\/web\/index.php\/wp-json\/wp\/v2\/posts\/3707"}],"collection":[{"href":"https:\/\/diariorepublica.com.ar\/web\/index.php\/wp-json\/wp\/v2\/posts"}],"about":[{"href":"https:\/\/diariorepublica.com.ar\/web\/index.php\/wp-json\/wp\/v2\/types\/post"}],"author":[{"embeddable":true,"href":"https:\/\/diariorepublica.com.ar\/web\/index.php\/wp-json\/wp\/v2\/users\/1"}],"replies":[{"embeddable":true,"href":"https:\/\/diariorepublica.com.ar\/web\/index.php\/wp-json\/wp\/v2\/comments?post=3707"}],"version-history":[{"count":1,"href":"https:\/\/diariorepublica.com.ar\/web\/index.php\/wp-json\/wp\/v2\/posts\/3707\/revisions"}],"predecessor-version":[{"id":3709,"href":"https:\/\/diariorepublica.com.ar\/web\/index.php\/wp-json\/wp\/v2\/posts\/3707\/revisions\/3709"}],"wp:featuredmedia":[{"embeddable":true,"href":"https:\/\/diariorepublica.com.ar\/web\/index.php\/wp-json\/wp\/v2\/media\/3708"}],"wp:attachment":[{"href":"https:\/\/diariorepublica.com.ar\/web\/index.php\/wp-json\/wp\/v2\/media?parent=3707"}],"wp:term":[{"taxonomy":"category","embeddable":true,"href":"https:\/\/diariorepublica.com.ar\/web\/index.php\/wp-json\/wp\/v2\/categories?post=3707"},{"taxonomy":"post_tag","embeddable":true,"href":"https:\/\/diariorepublica.com.ar\/web\/index.php\/wp-json\/wp\/v2\/tags?post=3707"}],"curies":[{"name":"wp","href":"https:\/\/api.w.org\/{rel}","templated":true}]}}