{"id":3753,"date":"2023-06-08T08:05:01","date_gmt":"2023-06-08T11:05:01","guid":{"rendered":"https:\/\/diariorepublica.com.ar\/web\/?p=3753"},"modified":"2023-06-08T08:05:02","modified_gmt":"2023-06-08T11:05:02","slug":"alberto-fernandez-y-sergio-massa-se-reunieron-y-sellaron-una-tregua","status":"publish","type":"post","link":"https:\/\/diariorepublica.com.ar\/web\/index.php\/politica\/2023\/06\/08\/alberto-fernandez-y-sergio-massa-se-reunieron-y-sellaron-una-tregua\/","title":{"rendered":"Alberto Fern\u00e1ndez y Sergio Massa se reunieron y sellaron una tregua"},"content":{"rendered":"<p>En una reuni\u00f3n fuera de agenda y en medio de la\u00a0presi\u00f3n de los gobernadores del PJ por la indefinici\u00f3n de candidaturas,\u00a0el presidente<strong>\u00a0Alberto Fern\u00e1ndez<\/strong>\u00a0y el ministro\u00a0<strong>Sergio Massa,<\/strong>\u00a0<strong>se reunieron por m\u00e1s de dos horas. La informaci\u00f3n oficial plantea que hablaron de\u00a0<\/strong>las pr\u00f3ximas medidas econ\u00f3micas que tomar\u00e1 el Gobierno<\/p>\n<article class=\"article-body\">\n<div class=\"article-content\">\n<div class=\"news-body-paragraph\" data-twitter-link=\"\">\n<p>Pero aunque ambos dijeron que no hablaron de pol\u00edtica electoral, seg\u00fan pudo saber A24.com de fuentes oficiales, establecieron un principio de tregua pol\u00edtica de cara a las PASO del Frente de Todos, y no descartan en los pr\u00f3ximos d\u00edas, mantener una cumbre de tres con la vicepresidenta Cristina Kirchner para \u00abordenar la interna\u00bb pol\u00edtica de la alianza de gobierno.<\/p>\n<\/div>\n<\/div>\n<\/article>\n<article class=\"article-body third-p\">\n<div class=\"article-content\">\n<div class=\"news-body-paragraph\" data-twitter-link=\"\">\n<p>Como dato color, la eterna reuni\u00f3n entre el presidente y su ministro demor\u00f3 m\u00e1s de dos horas los respectivos brindis por el D\u00eda del Periodista, con la prensa acreditada en la Casa Rosada y en el Ministerio de Econom\u00eda.<\/p>\n<p>candidato del FdT fuerte, que aglutine el apoyo de todo el peronismo en su conjunto, podr\u00eda derivar en una derrota electoral del Frente de Todos en las PASO y un eventual ingreso del libertario Javier Milei al balotaje. Esto provocar\u00eda una fuerte desestabilizaci\u00f3n de la econom\u00eda por las expectativas de un eventual plan de dolarizaci\u00f3n.<\/p>\n<p><strong>El ministro de Econom\u00eda le relat\u00f3 a Alberto Fern\u00e1ndez los resultados de la gira por China<\/strong>, y coordinaron los\u00a0<strong>anuncios de tres medidas econ\u00f3micas que har\u00e1 esta semana<\/strong>: exenci\u00f3n de\u00a0<strong>ganancias\u00a0<\/strong>de los aguinaldos, una\u00a0<strong>modificaci\u00f3n del sistema de monotributo\u00a0<\/strong>y medidas de\u00a0<strong>impulso para el sector automotriz<\/strong>.<\/p>\n<p>Alberto Fern\u00e1ndez y Massa no se hablaban desde el regreso del ministro de la gira por China. El reencuentro se produjo en el despacho presidencial, apenas culmin\u00f3 la<strong>\u00a0cumbre de gobernadores del PJ\u00a0<\/strong>el mi\u00e9rcoles alrededor de las 16,30 en el CFI.<\/p>\n<p>Ah\u00ed,\u00a0<strong>los jefes territoriales del PJ de unas 13 provincias exigieron a trav\u00e9s de un documento que las c\u00fapulas del Frente de Todos lleguen a un acuerdo para una f\u00f3rmula presidencial de unidad, y evitar continuar con la incertidumbre pol\u00edtica que -como ven\u00eda advirtiendo Massa- podr\u00eda profundizar la incertidumbre econ\u00f3mica en medio del proceso electoral.<\/strong><\/p>\n<p>Fuentes cercanas al Presidente y del Ministro de Econom\u00eda, desmintieron que hayan hablado de pol\u00edtica. Seg\u00fan pudo saber este portal, ninguno de los dos a la hora de encontrarse hab\u00edan le\u00eddo el documento de los gobernadores y hasta ese momento sosten\u00edan sus posturas.<\/p>\n<p>Alberto Fern\u00e1ndez sigue apoyando la competencia de variso candidatos en las PASO y Massa reclama lista de unidad. El ministro sin embargo, us\u00f3 ante sus colaboradores una frase que se pudo leer en el mismo documento de los gobernadores: \u00abAspiro a que haya un \u00e1mbito de debate que nos permita ordenar la pol\u00edtica\u00bb, dijo Massa a sus colaboradores.<\/p>\n<p>Evit\u00f3 hablar de la posibilidad de renunciar al cargo y a cualquier candidatura del Frente de Todos, como hab\u00eda trascendido si la decisi\u00f3n del krichnerismo y del peronismo era ir con varios candidatos a las PASO.<\/p>\n<p><strong>El ministro sigue convencido de que ir con varios candidatos que no miden pondr\u00eda al Frente de Todos en riesgo de quedar afuera del balotaje,\u00a0<\/strong>pero que eso se puede revertir si todo el peronismo apoya una sola f\u00f3rmula y tracciona hacia el mismo lado en las PASO.<\/p>\n<p><strong>Massa tuvo contactos previos con algunos de los gobernadores del PJ<\/strong>\u00a0que reclamaron la lista de unidad, y evitar una competencia feroz en las PASO.<\/p>\n<p>De la reuni\u00f3n de Alberto y Massa, trascendi\u00f3 que podr\u00edan analizar convocar a\u00a0<strong>una cumbre con la vicepresidenta Cristina Kirchner, para intentar llegar al acuerdo que piden los gobernadores. Gildo Insfr\u00e1n es el nexo en com\u00fan entre las tres patas de la alianza de Gobierno que busca avanzar en ese acuerdo y que tiene la autorizaci\u00f3n para cerrar los mecanismos de la alianza que presentar\u00e1 el oficialismo el pr\u00f3ximo 14 de junio.<\/strong><\/p>\n<div id=\"1097076-Libre-1796089010_wrap\" class=\"embed_cont type_imagen\" contenteditable=\"false\"><\/div>\n<\/div>\n<\/div>\n<\/article>\n","protected":false},"excerpt":{"rendered":"<p>En una reuni\u00f3n fuera de agenda y en medio de la\u00a0presi\u00f3n de los gobernadores del PJ por la indefinici\u00f3n de<\/p>\n","protected":false},"author":1,"featured_media":3754,"comment_status":"closed","ping_status":"closed","sticky":false,"template":"","format":"standard","meta":{"footnotes":"","jetpack_publicize_message":"","jetpack_publicize_feature_enabled":true,"jetpack_social_post_already_shared":false,"jetpack_social_options":{"image_generator_settings":{"template":"highway","enabled":false},"version":2}},"categories":[12],"tags":[],"class_list":["post-3753","post","type-post","status-publish","format-standard","has-post-thumbnail","hentry","category-politica"],"jetpack_publicize_connections":[],"_links":{"self":[{"href":"https:\/\/diariorepublica.com.ar\/web\/index.php\/wp-json\/wp\/v2\/posts\/3753"}],"collection":[{"href":"https:\/\/diariorepublica.com.ar\/web\/index.php\/wp-json\/wp\/v2\/posts"}],"about":[{"href":"https:\/\/diariorepublica.com.ar\/web\/index.php\/wp-json\/wp\/v2\/types\/post"}],"author":[{"embeddable":true,"href":"https:\/\/diariorepublica.com.ar\/web\/index.php\/wp-json\/wp\/v2\/users\/1"}],"replies":[{"embeddable":true,"href":"https:\/\/diariorepublica.com.ar\/web\/index.php\/wp-json\/wp\/v2\/comments?post=3753"}],"version-history":[{"count":1,"href":"https:\/\/diariorepublica.com.ar\/web\/index.php\/wp-json\/wp\/v2\/posts\/3753\/revisions"}],"predecessor-version":[{"id":3755,"href":"https:\/\/diariorepublica.com.ar\/web\/index.php\/wp-json\/wp\/v2\/posts\/3753\/revisions\/3755"}],"wp:featuredmedia":[{"embeddable":true,"href":"https:\/\/diariorepublica.com.ar\/web\/index.php\/wp-json\/wp\/v2\/media\/3754"}],"wp:attachment":[{"href":"https:\/\/diariorepublica.com.ar\/web\/index.php\/wp-json\/wp\/v2\/media?parent=3753"}],"wp:term":[{"taxonomy":"category","embeddable":true,"href":"https:\/\/diariorepublica.com.ar\/web\/index.php\/wp-json\/wp\/v2\/categories?post=3753"},{"taxonomy":"post_tag","embeddable":true,"href":"https:\/\/diariorepublica.com.ar\/web\/index.php\/wp-json\/wp\/v2\/tags?post=3753"}],"curies":[{"name":"wp","href":"https:\/\/api.w.org\/{rel}","templated":true}]}}