{"id":3761,"date":"2023-06-08T00:10:00","date_gmt":"2023-06-08T03:10:00","guid":{"rendered":"https:\/\/diariorepublica.com.ar\/web\/?p=3761"},"modified":"2023-06-08T08:11:53","modified_gmt":"2023-06-08T11:11:53","slug":"entrevistas-a-postuladas-y-postulados-para-cargos-judiciales","status":"publish","type":"post","link":"https:\/\/diariorepublica.com.ar\/web\/index.php\/locales\/2023\/06\/08\/entrevistas-a-postuladas-y-postulados-para-cargos-judiciales\/","title":{"rendered":"<strong>Entrevistas a postuladas y postulados para cargos judiciales<\/strong>"},"content":{"rendered":"<p>La Comisi\u00f3n de Asuntos Constitucionales, Peticiones y Poderes, presidida por el senador H\u00e9ctor Fern\u00e1ndez, inici\u00f3 esta ma\u00f1ana la ronda de entrevistas a profesionales postulados por el Poder Ejecutivo para ocupar diversos cargos en el Poder Judicial de Catamarca.<br \/>\nAs\u00ed, Senadoras y Senadores, durante el transcurso de la jornada, recibieron a los abogados y abogadas, Natalia Ferreyra, Jos\u00e9 Moreno, Erica Wanda Saccher, Mart\u00edn Maturano Wagner, Ruth Alejandra Antonino, Mar\u00eda Elizabet Salas, Mar\u00eda Alejandra Bosio.<br \/>\nLas entrevistas, se realizan conforme lo establece la Constituci\u00f3n Provincial en relaci\u00f3n al acuerdo que debe prestar el Senado a los pliegos enviados por el Poder Ejecutivo y que ya tomaron estado parlamentario en la C\u00e1mara Alta, para la designaci\u00f3n de autoridades en la Justicia.<\/p>\n<p>De acuerdo con lo remitido por el Gobierno de la provincia se postula como:<br \/>\n&#8211; Jueza de C\u00e1mara en lo Civil, Comercial, De Trabajo y de Minas de la Primera Circunscripci\u00f3n Judicial de la Provincia, Dra. Natalia Ferreyra.<br \/>\n&#8211; Jueza de Familia de la Primera Circunscripci\u00f3n Judicial de la Provincia, a la Dra. \u00c9rica Wanda Saccher.<br \/>\n&#8211; Fiscal Penal de Violencia Familiar y de G\u00e9nero de la Primera Circunscripci\u00f3n Judicial de la Provincia de Catamarca, Dra. Ruth Alejandra Antonino.<br \/>\n&#8211; Jueza de Violencia Familiar y de G\u00e9nero de la Primera Circunscripci\u00f3n Judicial de la Provincia, a la Dra. Mar\u00eda Elizabeth Salas.<br \/>\n&#8211; Defensora Oficial Civil para V\u00edctimas de Violencia Familiar y de G\u00e9nero de la Primera Circunscripci\u00f3n Judicial de la Provincia de Catamarca, Dra. Mar\u00eda Alejandra Bosio.<br \/>\n&#8211; Juez de Control de Garant\u00edas, Laboral y de Menores de la Segunda Circunscripci\u00f3n Judicial de la provincia de Catamarca, al Dr. Martin Guillermo Maturano Wagner.<br \/>\n&#8211; Defensor Oficial Civil para V\u00edctimas de Violencia Familiar y de G\u00e9nero de la Primera Circunscripci\u00f3n Judicial de la Provincia de Catamarca, Dr. Jos\u00e9 German Moreno.<\/p>\n","protected":false},"excerpt":{"rendered":"<p>La Comisi\u00f3n de Asuntos Constitucionales, Peticiones y Poderes, presidida por el senador H\u00e9ctor Fern\u00e1ndez, inici\u00f3 esta ma\u00f1ana la ronda de<\/p>\n","protected":false},"author":1,"featured_media":3762,"comment_status":"closed","ping_status":"closed","sticky":false,"template":"","format":"standard","meta":{"footnotes":"","jetpack_publicize_message":"","jetpack_publicize_feature_enabled":true,"jetpack_social_post_already_shared":false,"jetpack_social_options":{"image_generator_settings":{"template":"highway","enabled":false},"version":2}},"categories":[2],"tags":[],"class_list":["post-3761","post","type-post","status-publish","format-standard","has-post-thumbnail","hentry","category-locales"],"jetpack_publicize_connections":[],"_links":{"self":[{"href":"https:\/\/diariorepublica.com.ar\/web\/index.php\/wp-json\/wp\/v2\/posts\/3761"}],"collection":[{"href":"https:\/\/diariorepublica.com.ar\/web\/index.php\/wp-json\/wp\/v2\/posts"}],"about":[{"href":"https:\/\/diariorepublica.com.ar\/web\/index.php\/wp-json\/wp\/v2\/types\/post"}],"author":[{"embeddable":true,"href":"https:\/\/diariorepublica.com.ar\/web\/index.php\/wp-json\/wp\/v2\/users\/1"}],"replies":[{"embeddable":true,"href":"https:\/\/diariorepublica.com.ar\/web\/index.php\/wp-json\/wp\/v2\/comments?post=3761"}],"version-history":[{"count":1,"href":"https:\/\/diariorepublica.com.ar\/web\/index.php\/wp-json\/wp\/v2\/posts\/3761\/revisions"}],"predecessor-version":[{"id":3763,"href":"https:\/\/diariorepublica.com.ar\/web\/index.php\/wp-json\/wp\/v2\/posts\/3761\/revisions\/3763"}],"wp:featuredmedia":[{"embeddable":true,"href":"https:\/\/diariorepublica.com.ar\/web\/index.php\/wp-json\/wp\/v2\/media\/3762"}],"wp:attachment":[{"href":"https:\/\/diariorepublica.com.ar\/web\/index.php\/wp-json\/wp\/v2\/media?parent=3761"}],"wp:term":[{"taxonomy":"category","embeddable":true,"href":"https:\/\/diariorepublica.com.ar\/web\/index.php\/wp-json\/wp\/v2\/categories?post=3761"},{"taxonomy":"post_tag","embeddable":true,"href":"https:\/\/diariorepublica.com.ar\/web\/index.php\/wp-json\/wp\/v2\/tags?post=3761"}],"curies":[{"name":"wp","href":"https:\/\/api.w.org\/{rel}","templated":true}]}}