{"id":3776,"date":"2023-06-09T07:10:33","date_gmt":"2023-06-09T10:10:33","guid":{"rendered":"https:\/\/diariorepublica.com.ar\/web\/?p=3776"},"modified":"2023-06-09T07:10:33","modified_gmt":"2023-06-09T10:10:33","slug":"catamarca-genero-mas-de-11-300-empleos-registrados-post-pandemia","status":"publish","type":"post","link":"https:\/\/diariorepublica.com.ar\/web\/index.php\/economia\/2023\/06\/09\/catamarca-genero-mas-de-11-300-empleos-registrados-post-pandemia\/","title":{"rendered":"Catamarca gener\u00f3 m\u00e1s de 11.300 empleos registrados post pandemia"},"content":{"rendered":"<p>A partir de los datos publicados en el \u00faltimo informe de Situaci\u00f3n y Evoluci\u00f3n del Trabajo, del Observatorio de Empleo y Din\u00e1mica Empresarial (OEDE), del Ministerio de Trabajo, Empleo y Seguridad Social -en base a datos del Sistema Integrado Previsional Argentino (SIPA)-,\u00a0<strong><em>la provincia de Catamarca alcanz\u00f3 los 37.494 empleados registrados en el sector privado.<\/em><\/strong><\/p>\n<p>Estas cifras se desprenden de la \u00faltima medici\u00f3n de la evoluci\u00f3n del trabajo registrado en el pa\u00eds difundida ayer y correspondiente a marzo de 2023, que tambi\u00e9n indica que la provincia sigue liderando las tasas de variaci\u00f3n de empleo privado con un crecimiento interanual del 17,7%.<\/p>\n<p>La cifra significativa para Catamarca es que,\u00a0<strong><em>desde septiembre de 2020 que se toc\u00f3 el piso del valor m\u00ednimo del empleo (pandemia mediante) a marzo de 2023, el crecimiento de asalariados en el sector privado fue de 11.338 trabajadores registrados m\u00e1s.<\/em><\/strong><\/p>\n<p>Gracias a las pol\u00edticas implementadas en materia de empleo se establecieron las condiciones para que el sector privado pase de 26.156 empleos registrados en septiembre de 2020 a 37.494 en marzo de 2023. La tendencia sigue siendo creciente en funci\u00f3n de las radicaciones industriales, de los emprendimientos mineros, de la obra p\u00fablica y de grandes comercios que se instalan mes a mes en la provincia.<\/p>\n<p>Y otro dato de relevancia es que, desde junio de 2021 hasta la \u00faltima medici\u00f3n de marzo de este a\u00f1o, Catamarca lider\u00f3 de manera continua el ranking de variaci\u00f3n positiva del empleo privado a nivel nacional.<\/p>\n<p>En la comparaci\u00f3n interanual, 23 provincias lograron aumentar el empleo. Entre las que mostraron mejor desempe\u00f1o se destacan Catamarca (+17,7%), Neuqu\u00e9n (+12,4%), La Rioja (+9,1%), Tierra del Fuego (+8,7%), Chaco (+8,6%), Salta (+8,2%), La Rioja (+7,8%), La Pampa (+7,2%), y Santiago del Estero (+6,6%).<\/p>\n","protected":false},"excerpt":{"rendered":"<p>A partir de los datos publicados en el \u00faltimo informe de Situaci\u00f3n y Evoluci\u00f3n del Trabajo, del Observatorio de Empleo<\/p>\n","protected":false},"author":1,"featured_media":3777,"comment_status":"closed","ping_status":"closed","sticky":false,"template":"","format":"standard","meta":{"footnotes":"","jetpack_publicize_message":"","jetpack_publicize_feature_enabled":true,"jetpack_social_post_already_shared":false,"jetpack_social_options":{"image_generator_settings":{"template":"highway","enabled":false},"version":2}},"categories":[5],"tags":[],"class_list":["post-3776","post","type-post","status-publish","format-standard","has-post-thumbnail","hentry","category-economia"],"jetpack_publicize_connections":[],"_links":{"self":[{"href":"https:\/\/diariorepublica.com.ar\/web\/index.php\/wp-json\/wp\/v2\/posts\/3776"}],"collection":[{"href":"https:\/\/diariorepublica.com.ar\/web\/index.php\/wp-json\/wp\/v2\/posts"}],"about":[{"href":"https:\/\/diariorepublica.com.ar\/web\/index.php\/wp-json\/wp\/v2\/types\/post"}],"author":[{"embeddable":true,"href":"https:\/\/diariorepublica.com.ar\/web\/index.php\/wp-json\/wp\/v2\/users\/1"}],"replies":[{"embeddable":true,"href":"https:\/\/diariorepublica.com.ar\/web\/index.php\/wp-json\/wp\/v2\/comments?post=3776"}],"version-history":[{"count":1,"href":"https:\/\/diariorepublica.com.ar\/web\/index.php\/wp-json\/wp\/v2\/posts\/3776\/revisions"}],"predecessor-version":[{"id":3778,"href":"https:\/\/diariorepublica.com.ar\/web\/index.php\/wp-json\/wp\/v2\/posts\/3776\/revisions\/3778"}],"wp:featuredmedia":[{"embeddable":true,"href":"https:\/\/diariorepublica.com.ar\/web\/index.php\/wp-json\/wp\/v2\/media\/3777"}],"wp:attachment":[{"href":"https:\/\/diariorepublica.com.ar\/web\/index.php\/wp-json\/wp\/v2\/media?parent=3776"}],"wp:term":[{"taxonomy":"category","embeddable":true,"href":"https:\/\/diariorepublica.com.ar\/web\/index.php\/wp-json\/wp\/v2\/categories?post=3776"},{"taxonomy":"post_tag","embeddable":true,"href":"https:\/\/diariorepublica.com.ar\/web\/index.php\/wp-json\/wp\/v2\/tags?post=3776"}],"curies":[{"name":"wp","href":"https:\/\/api.w.org\/{rel}","templated":true}]}}