{"id":3779,"date":"2023-06-09T07:12:23","date_gmt":"2023-06-09T10:12:23","guid":{"rendered":"https:\/\/diariorepublica.com.ar\/web\/?p=3779"},"modified":"2023-06-09T07:12:24","modified_gmt":"2023-06-09T10:12:24","slug":"el-poncho-2023-con-gran-apoyo-a-los-artesanos-catamarquenos-e-importantes-figuras-artisticas","status":"publish","type":"post","link":"https:\/\/diariorepublica.com.ar\/web\/index.php\/sociedad\/2023\/06\/09\/el-poncho-2023-con-gran-apoyo-a-los-artesanos-catamarquenos-e-importantes-figuras-artisticas\/","title":{"rendered":"El Poncho 2023, con gran apoyo a los artesanos catamarque\u00f1os e importantes figuras art\u00edsticas"},"content":{"rendered":"<p>Este jueves por la noche, en el Cine Teatro Catamarca, se present\u00f3 oficialmente la Fiesta Nacional e Internacional del Poncho con un espect\u00e1culo abierto al p\u00fablico que acompa\u00f1\u00f3 el anuncio de las distintas propuestas que tendr\u00e1 la fiesta y la cartelera art\u00edstica de la 52\u00b0 edici\u00f3n del festival, que se desarrollar\u00e1 desde el 14 al 23 de julio en el Predio Ferial.<\/p>\n<p>El acto, que cont\u00f3 con la presencia del gobernador Ra\u00fal Jalil y el intendente de la Capital, Gustavo Saadi, comenz\u00f3 con la puesta en escena del cuadro art\u00edstico que la provincia present\u00f3 en la \u00faltima edici\u00f3n del Festival Nacional del Folclore en Cosqu\u00edn, que combin\u00f3 danza, m\u00fasica, textos, recursos audiovisuales e iluminaci\u00f3n, y fusion\u00f3 diversos lenguajes art\u00edsticos con el folclore local.<\/p>\n<p>A continuaci\u00f3n, el ministro de Cultura, Turismo y Deporte, Roberto Brunello, junto a las secretarias de Gesti\u00f3n Cultural, Daiana Rold\u00e1n y de Gesti\u00f3n Tur\u00edstica, Evangelina Quar\u00edn, dieron a conocer detalles de la organizaci\u00f3n de la fiesta del invierno m\u00e1s importante del pa\u00eds ante un auditorio que cont\u00f3 con la presencia de artesanos, artistas, autoridades provinciales y ciudadanos que acompa\u00f1aron el lanzamiento.<\/p>\n<p>Este a\u00f1o el escenario mayor volver\u00e1 a convocar todas las noches con figuras nacionales de primer nivel, sumando a su tradicional esencia folcl\u00f3rica, artistas de otros g\u00e9neros musicales. Entre los confirmados figuran Luciano Pereyra, Soledad, El Chaque\u00f1o Palavecino, Los Tekis, D\u00fao Coplanacu, Destino San Javier, Roxana Carabajal, Mariana Carrizo, Sergio Galleguillo, El Indio Lucio Rojas, L\u00e1zaro Caballero, Juan Fuentes y, por primera vez en el escenario del Poncho, Ciro y Los Persas, La Delio Valdez, Diego Torres, La Konga, MYA y Callejero Fino.<\/p>\n<p>\u201cEl a\u00f1o pasado nos visitaron 930 mil personas en el Poncho. Me animo a decir que en esta edici\u00f3n vamos a superar el mill\u00f3n de visitantes\u201d, afirm\u00f3\u00a0<strong>Brunello<\/strong>\u00a0tras destacar el acompa\u00f1amiento del gobernador en toda la inversi\u00f3n que representa la fiesta.<\/p>\n<p>El ministro tambi\u00e9n destac\u00f3 un acuerdo con el Banco Naci\u00f3n y el Gobierno de la Provincia para llevar adelante la promoci\u00f3n \u201cPoncho de ensue\u00f1o\u201d, por la cual quienes cuenten con tarjetas de cr\u00e9dito de este banco podr\u00e1n acceder a un descuento del 30% y 3 cuotas sin inter\u00e9s para la compra de las entradas al festival, as\u00ed como un 30% de descuento y 6 cuotas sin inter\u00e9s en la compra de artesan\u00edas y productos regionales durante los 10 d\u00edas de la fiesta; y un 20% de descuento en los espacios gastron\u00f3micos que funcionen en el Predio Ferial.<\/p>\n<p>Por su parte, la secretaria de Gesti\u00f3n Tur\u00edstica,\u00a0<strong>Evangelina Quar\u00edn<\/strong>\u00a0destac\u00f3 que en 2022 el promedio provincial de ocupaci\u00f3n hotelera, en todo el mes de julio, fue del 93% y se mostr\u00f3 expectante con alcanzar la ocupaci\u00f3n plena. \u201cEste a\u00f1o esperamos superar el n\u00famero de visitantes a la fiesta y tener un mayor movimiento de turistas. Estamos preparados para esto dado que en el \u00faltimo a\u00f1o sumamos 1.121 nuevas plazas hoteleras, lo que representa un incremento interanual del 12%, algo hist\u00f3rico para Catamarca\u201d, expres\u00f3.<\/p>\n<p><strong>Artesan\u00edas, turismo y sabores<\/strong><\/p>\n<p>M\u00e1s de 550 artesanos y productores, entre provinciales, nacionales e internacionales, de los diferentes rubros artesanales estar\u00e1n exponiendo sus creaciones. De ese n\u00famero, m\u00e1s de 200 son artesanos catamarque\u00f1os.<\/p>\n<p>Al igual que el a\u00f1o pasado, todos\u00a0<strong>los stands de artesanos catamarque\u00f1os ser\u00e1n sin costo<\/strong>\u00a0para ellos, adem\u00e1s est\u00e1 previsto ayudar en el traslado a los artesanos que vienen desde el interior de la provincia y cubrirles el alojamiento durante los 10 d\u00edas de la fiesta. Y en esta edici\u00f3n los artesanos que en 2022 resultaron premiados contar\u00e1n con un espacio de exposici\u00f3n destacado en el pabell\u00f3n de exposici\u00f3n.<\/p>\n<p>El espacio\u00a0<strong>Poncho Dise\u00f1o<\/strong>\u00a0tendr\u00e1 nuevamente un lugar destacado en la diagramaci\u00f3n de la fiesta y tendr\u00e1 como expositores a 35 dise\u00f1adores catamarque\u00f1os que apuestan por la creatividad y la innovaci\u00f3n, con una impronta de autor.<\/p>\n<p>Como todos los a\u00f1os, el p\u00fablico podr\u00e1 conocer la oferta tur\u00edstica de la provincia en el\u00a0<strong>Pabell\u00f3n de Turismo<\/strong>, donde 33 municipios promocionar\u00e1n sus atractivos naturales y culturales con juegos interactivos y shows musicales. En este espacio tambi\u00e9n estar\u00e1 el stand oficial de Turismo Catamarca y el de otros hitos tur\u00edsticos como la Ruta del Telar y el Corredor Bioce\u00e1nico.<\/p>\n<p><strong>M\u00fasica y danza<\/strong><\/p>\n<p>A su turno,\u00a0<strong>Daiana Rold\u00e1n<\/strong>\u00a0dio cuenta de las m\u00e1s de mil propuestas art\u00edsticas que se presentaron para las distintas convocatorias abiertas y p\u00fablicas que tuvo la fiesta, y destac\u00f3 la jerarqu\u00eda que tendr\u00e1n los dos escenarios de la Fiesta: el Escenario Mayor y el Patio de las Provincias.<\/p>\n<p>\u201cTanto en el escenario mayor como en el Patio de las Provincias contaremos con una gran representatividad territorial, no solo conformada por las delegaciones departamentales, sino tambi\u00e9n por artistas representativos de distintas localidades de la provincia. Tambi\u00e9n habr\u00e1 muchos que tendr\u00e1n su primera oportunidad en la fiesta\u201d, destac\u00f3<\/p>\n<p>El Patio de las Provincias, la propuesta art\u00edstica que cambi\u00f3 las tardes del Poncho, este a\u00f1o comenzar\u00e1 a partir de las 13hs con la presencia de artistas locales y nacionales de todos los g\u00e9neros musicales, que se podr\u00e1n disfrutar de forma gratuita. Entre los artistas convocados a este espacio figuran el D\u00fao Orellana Lucca, El Mago y la Nueva,\u00a0Waku, Christian Herrera y Matacos, Maggie Cullen, Huguito Flores, Fabricio Rodr\u00edguez y para el domingo 23, Los Caligaris.<\/p>\n<p>Reforzando su esp\u00edritu federal, una importante cantidad de provincias y ciudades del pa\u00eds ya confirmaron presencia para presentar sus atractivos tur\u00edsticos y culturales en el gran Patio de las Provincias.<\/p>\n<p>Antes de anunciar la cartelera del festival mayor, Rold\u00e1n destac\u00f3 que\u00a0<strong>la Fiesta ya obtuvo el sello de cumplimiento del cupo femenino del INAMU<\/strong>. \u201cUna vez m\u00e1s, el Instituto Nacional de la M\u00fasica nos otorg\u00f3 el sello de cumplimiento del cupo femenino en la cartelera de ambos escenarios de nuestro festival. Y destacar que, felizmente, este a\u00f1o, se han duplicado las propuestas de mujeres para los diferentes escenarios, lo cual evidencia el fomento y el crecimiento en la participaci\u00f3n y la calidad de propuestas femeninas en cada edici\u00f3n\u201d, remarc\u00f3 Rold\u00e1n.<\/p>\n<p>Tambi\u00e9n aclar\u00f3 que en las pr\u00f3ximas semanas se anunciar\u00e1 costo y salida a la venta de las entradas del festival.<\/p>\n<p><strong>Cartelera Escenario Mayor<\/strong><\/p>\n<p><strong>Noche 1 &#8211; Viernes 14 de julio\u00a0<\/strong><\/p>\n<ul>\n<li>Coro de C\u00e1mara Municipal<\/li>\n<li>Academia Huellas Norte\u00f1as<\/li>\n<li>Andrea Ochoa<\/li>\n<li>Rolando Zaffe<\/li>\n<li>Delegaci\u00f3n Andalgal\u00e1<\/li>\n<li>Leticia Aranda<\/li>\n<li><strong>Mariana Carrizo<\/strong><\/li>\n<li>El Bagual Malambo<\/li>\n<li>Bel\u00e9n Parma<\/li>\n<li>Germ\u00e1n Fuentes<\/li>\n<li><strong>Roxana Carabajal<\/strong><\/li>\n<li><strong>Sergio Galleguillo<\/strong><\/li>\n<\/ul>\n<p><strong>Noche 2 &#8211; S\u00e1bado 15 de julio\u00a0\u00a0<\/strong><\/p>\n<ul>\n<li>Coro Polif\u00f3nico Catamarca<\/li>\n<li>Mala Junta Tango<\/li>\n<li>De Puro Guapo<\/li>\n<li>Marcelo Amador<\/li>\n<li>Delegaci\u00f3n Pom\u00e1n<\/li>\n<li>Grupo Vocal Pirca<\/li>\n<li>Emilce Quinteros<\/li>\n<li>Germ\u00e1n Cano<\/li>\n<li>Turco Ale Ayame<\/li>\n<li>Danzar Joven<\/li>\n<li>Mar\u00eda Paula Godoy<\/li>\n<li><strong>Luciano Pereyra<\/strong><\/li>\n<\/ul>\n<p><strong>Noche 3 &#8211; Domingo 16 de julio<\/strong><\/p>\n<ul>\n<li>Banda de M\u00fasica de la Polic\u00eda de Catamarca<\/li>\n<li>Compa\u00f1\u00eda de danzas femeninas \u00abEulalias\u00bb<\/li>\n<li>Warmi Sosa<\/li>\n<li>La Troya<\/li>\n<li>El Show de Charly Play<\/li>\n<li>Delegaci\u00f3n Tinogasta<\/li>\n<li>Herederos<\/li>\n<li>Los Hermanos Rodr\u00edguez<\/li>\n<li>Ballet \u00abEl Montaraz\u00bb<\/li>\n<li>Noelia Tula<\/li>\n<li><strong>Ciro y Los Persas<\/strong><\/li>\n<\/ul>\n<p><strong>Noche 4 &#8211; Lunes 17 de julio<\/strong><\/p>\n<ul>\n<li>Nati Torres &#8211; Agust\u00edn Colom D\u00fao<\/li>\n<li>Cesar Ayosa y su banda<\/li>\n<li>Ballet \u00abPiriqui P\u00e9rez\u00bb<\/li>\n<li>Las Cuerdas M\u00e1gicas<\/li>\n<li>Roxana Castro<\/li>\n<li>Delegaci\u00f3n Santa Mar\u00eda<\/li>\n<li>Pascual Guti\u00e9rrez<\/li>\n<li>Los Rieles<\/li>\n<li>Academia de Danzas Folkl\u00f3ricas Semblanzas<\/li>\n<li>Vit\u00edn Martoccia<\/li>\n<li>Emilio Morales<\/li>\n<li><strong>La Delio Valdez<\/strong><\/li>\n<\/ul>\n<p><strong>Noche\u00a0 5 &#8211;\u00a0 Martes 18 de julio<\/strong><\/p>\n<ul>\n<li>Ballet Folkl\u00f3rico El Reencuentro<\/li>\n<li>Franco Ocaranza<\/li>\n<li>Norma Halmallan<\/li>\n<li>Compa\u00f1\u00eda \u00abDestino Tango\u00bb<\/li>\n<li>Castellano Tango<\/li>\n<li>Delegaci\u00f3n Santa Rosa &#8211; Los Altos<\/li>\n<li>Los Mellizos<\/li>\n<li>Delegaci\u00f3n El Alto<\/li>\n<li><strong>El Indio Lucio Rojas<\/strong><\/li>\n<li>Delegaci\u00f3n La Paz &#8211; Ica\u00f1o<\/li>\n<li>Fernanda Cruz<\/li>\n<li><strong>L\u00e1zaro Caballero<\/strong><\/li>\n<\/ul>\n<p><strong>Noche 6 &#8211; Mi\u00e9rcoles 19 de julio<\/strong><\/p>\n<ul>\n<li>Academia de Danzas Yawar Waina<\/li>\n<li>Muy Crudo<\/li>\n<li>Roly Ficha Acosta<\/li>\n<li>Mi Tango Norte\u00f1o<\/li>\n<li>Nena Herrera Tango<\/li>\n<li>Delegaci\u00f3n Valle Viejo<\/li>\n<li>N\u00e9stor Pacheco<\/li>\n<li>Daniela Figueroa<\/li>\n<li><strong>Soledad<\/strong><\/li>\n<li>Delegaci\u00f3n Fray Mamerto Esqui\u00fa<\/li>\n<li>Ballet Catamarca Danzas<\/li>\n<li><strong>El Chaque\u00f1o Palavecino<\/strong><\/li>\n<\/ul>\n<p><strong>Noche 7 &#8211; Jueves 20 de julio<\/strong><\/p>\n<ul>\n<li>Cardones<\/li>\n<li>Ecos del Litoral<\/li>\n<li>Academia Atahualpa Yupanqui<\/li>\n<li>Ricardo \u00abTorito\u00bb Arce<\/li>\n<li>Delegaci\u00f3n Capay\u00e1n<\/li>\n<li>Carla Romero<\/li>\n<li>Grupo Sapikuna<\/li>\n<li>Caravana Catucha<\/li>\n<li>Ballet Folkl\u00f3rico Estable Municipal de SFVC<\/li>\n<li><strong>Juan Fuentes<\/strong><\/li>\n<li>Delegaci\u00f3n Ambato<\/li>\n<li><strong>Los Tekis<\/strong><\/li>\n<\/ul>\n<p><strong>Noche 8 &#8211; Viernes 21 de julio<\/strong><\/p>\n<ul>\n<li>Ballet Folkl\u00f3rico \u00abRubinstein\u00bb<\/li>\n<li>Aldo Luna<\/li>\n<li>Hugo Nanni<\/li>\n<li>Delegaci\u00f3n Bel\u00e9n 1<\/li>\n<li>Calu<\/li>\n<li>Itat\u00ed<\/li>\n<li>Academia El Malambo<\/li>\n<li>Ronda V\u00e1zquez<\/li>\n<li><strong>Diego Torres<\/strong><\/li>\n<li>Nicol\u00e1s Reyna<\/li>\n<li>Delegaci\u00f3n Capital<\/li>\n<li><strong>Destino San Javier<\/strong><\/li>\n<\/ul>\n<p><strong>Noche 9 &#8211; S\u00e1bado 22 de julio\u00a0 \u00a0 \u00a0 \u00a0 \u00a0 \u00a0<\/strong><\/p>\n<ul>\n<li>Sonckoy Suma<\/li>\n<li>Ballet Argentina<\/li>\n<li>Alico Espiloc\u00edn<\/li>\n<li>La Cuja<\/li>\n<li>Kaly Barrionuevo<\/li>\n<li>Delegaci\u00f3n Pacl\u00edn<\/li>\n<li>Las Voces del Viento<\/li>\n<li>Loy Carrizo<\/li>\n<li>Freddy Romero<\/li>\n<li>Federico Miranda<\/li>\n<li><strong>MYA<\/strong><\/li>\n<li>Estudio de Malambo \u00abCh\u00facaros\u00bb<\/li>\n<li><strong>Callejero Fino<\/strong><\/li>\n<\/ul>\n<p><strong>Noche 10 &#8211; Domingo 23 de julio<\/strong><\/p>\n<ul>\n<li>Delegaci\u00f3n Bel\u00e9n 2<\/li>\n<li>El Arribe\u00f1o Ballet<\/li>\n<li>Pachamama<\/li>\n<li>El Coplero del Yokavil<\/li>\n<li>Delegaci\u00f3n Antofagasta de la Sierra<\/li>\n<li>La Furia Musical<\/li>\n<li>Luz Segura<\/li>\n<li>Ballet El Gaucho<\/li>\n<li>El Bomba Contrera<\/li>\n<li>Silvia Pacheco<\/li>\n<li>Carafea<\/li>\n<li><strong>Duo Coplanacu<\/strong><\/li>\n<li><strong>La Konga<\/strong><\/li>\n<\/ul>\n<p>La programaci\u00f3n completa del Patio de las Provincias:\u00a0<a href=\"https:\/\/bit.ly\/PatioProvinciasPoncho23\" target=\"_blank\" rel=\"noopener\" data-saferedirecturl=\"https:\/\/www.google.com\/url?q=https:\/\/bit.ly\/PatioProvinciasPoncho23&amp;source=gmail&amp;ust=1686357778510000&amp;usg=AOvVaw2vLsP6PTMykHdNDcjExcih\">https:\/\/bit.ly\/PatioProvinciasPoncho23<\/a><\/p>\n","protected":false},"excerpt":{"rendered":"<p>Este jueves por la noche, en el Cine Teatro Catamarca, se present\u00f3 oficialmente la Fiesta Nacional e Internacional del Poncho<\/p>\n","protected":false},"author":1,"featured_media":3780,"comment_status":"closed","ping_status":"closed","sticky":false,"template":"","format":"standard","meta":{"footnotes":"","jetpack_publicize_message":"","jetpack_publicize_feature_enabled":true,"jetpack_social_post_already_shared":false,"jetpack_social_options":{"image_generator_settings":{"template":"highway","enabled":false},"version":2}},"categories":[3],"tags":[],"class_list":["post-3779","post","type-post","status-publish","format-standard","has-post-thumbnail","hentry","category-sociedad"],"jetpack_publicize_connections":[],"_links":{"self":[{"href":"https:\/\/diariorepublica.com.ar\/web\/index.php\/wp-json\/wp\/v2\/posts\/3779"}],"collection":[{"href":"https:\/\/diariorepublica.com.ar\/web\/index.php\/wp-json\/wp\/v2\/posts"}],"about":[{"href":"https:\/\/diariorepublica.com.ar\/web\/index.php\/wp-json\/wp\/v2\/types\/post"}],"author":[{"embeddable":true,"href":"https:\/\/diariorepublica.com.ar\/web\/index.php\/wp-json\/wp\/v2\/users\/1"}],"replies":[{"embeddable":true,"href":"https:\/\/diariorepublica.com.ar\/web\/index.php\/wp-json\/wp\/v2\/comments?post=3779"}],"version-history":[{"count":1,"href":"https:\/\/diariorepublica.com.ar\/web\/index.php\/wp-json\/wp\/v2\/posts\/3779\/revisions"}],"predecessor-version":[{"id":3781,"href":"https:\/\/diariorepublica.com.ar\/web\/index.php\/wp-json\/wp\/v2\/posts\/3779\/revisions\/3781"}],"wp:featuredmedia":[{"embeddable":true,"href":"https:\/\/diariorepublica.com.ar\/web\/index.php\/wp-json\/wp\/v2\/media\/3780"}],"wp:attachment":[{"href":"https:\/\/diariorepublica.com.ar\/web\/index.php\/wp-json\/wp\/v2\/media?parent=3779"}],"wp:term":[{"taxonomy":"category","embeddable":true,"href":"https:\/\/diariorepublica.com.ar\/web\/index.php\/wp-json\/wp\/v2\/categories?post=3779"},{"taxonomy":"post_tag","embeddable":true,"href":"https:\/\/diariorepublica.com.ar\/web\/index.php\/wp-json\/wp\/v2\/tags?post=3779"}],"curies":[{"name":"wp","href":"https:\/\/api.w.org\/{rel}","templated":true}]}}