{"id":3822,"date":"2023-06-10T11:47:00","date_gmt":"2023-06-10T14:47:00","guid":{"rendered":"https:\/\/diariorepublica.com.ar\/web\/?p=3822"},"modified":"2023-06-10T17:48:49","modified_gmt":"2023-06-10T20:48:49","slug":"por-los-planes-sociales-falta-mano-de-obra-y-peligran-las-cosechas","status":"publish","type":"post","link":"https:\/\/diariorepublica.com.ar\/web\/index.php\/sociedad\/2023\/06\/10\/por-los-planes-sociales-falta-mano-de-obra-y-peligran-las-cosechas\/","title":{"rendered":"Por los planes sociales, falta mano de obra y peligran las cosechas"},"content":{"rendered":"<article id=\"article-post\" class=\"first\">\n<div class=\"cuerpo\" data-twitter-link=\"https:\/\/twitter.com\/intent\/tweet?url=https:\/\/www.diariopopular.com.ar\/c720806&amp;via=poopulardiario&amp;related=Popular&amp;text=\">\n<p>La cosecha de c\u00edtricos y la producci\u00f3n de az\u00facar y yerba\u00a0<strong>est\u00e1n en jaque por las dificultades que enfrentan los productores a la hora de conseguir mano de obra<\/strong>\u00a0para las tareas de cultivo y recolecci\u00f3n. Seg\u00fan explicaron desde el sector, \u201cla gente se niega rotundamente\u201d a trabajar\u00a0<strong>para no perder los planes sociales<\/strong>.<\/p>\n<\/div>\n<\/article>\n<article id=\"article-post\">\n<div class=\"cuerpo\" data-twitter-link=\"https:\/\/twitter.com\/intent\/tweet?url=https:\/\/www.diariopopular.com.ar\/c720806&amp;via=poopulardiario&amp;related=Popular&amp;text=\">\n<p>Ese el caso de Ariel Stefen, productor yerbatero de San Pedro, quien se\u00f1al\u00f3 que por la falta de personal peligra la recolecci\u00f3n. En declaraciones radiales, Stefen dijo que el trabajador \u201cest\u00e1 sometido a un plan social\u201d y, seg\u00fan el tipo de asistencia,\u00a0<strong>cobrar un plan y trabajar registrado podr\u00eda implicar una incompatibilidad.<\/strong><\/p>\n<p>En ese sentido, cont\u00f3 el caso de \u201cuna se\u00f1ora que cobraba 85.000 pesos de planes sociales, se registr\u00f3 como obrera rural y se lo iban a bajar a 35.000.\u00a0<strong>Como no cerraban los n\u00fameros, no se justificaba la inscripci\u00f3n\u201d.<\/strong>\u00a0De acuerdo con el relato de Stefen, en el caso de la yerba se paga un aporte patronal autom\u00e1tico. \u00abPor cada kilo de hoja verde nos descuentan un porcentaje por aporte patronal.\u00a0<strong>El problema es que la gente no se quiere inscribir para trabajar y se cae la cosecha\u201d<\/strong>, consider\u00f3.<\/p>\n<p>La situaci\u00f3n es tan grave que los trabajadores de provincias lim\u00edtrofes\u00a0<strong>optan por cobrar un plan social o irse a realizar el mismo tipo de trabajo a Paraguay o Brasil.<\/strong>\u00a0\u201cEn esos pa\u00edses pueden tener un buen sueldo, porque nuestra moneda en Argentina est\u00e1 muy devaluada\u201d, coincidieron en el sector.<\/p>\n<p>Isabel Freiberger, productora de c\u00edtricos de la localidad de Eldorado, en la provincia de Misiones, atraviesa por una situaci\u00f3n similar y\u00a0<strong>advirti\u00f3 que la falta de gente dispuesta a trabajar en sus campos pone en serio riesgo la cosecha de 1.000 toneladas de limones.<\/strong>\u00a0\u201cCuando buscamos personas para contratar, no tenemos problemas. El inconveniente surge cuando les pedimos su DNI para registrarlos en AFIP.\u00a0<strong>Nos dicen que no quieren ser empleados registrados<\/strong>, porque eso les har\u00eda perder la Tarjeta Alimentaria y el salario universal\u201d, detall\u00f3 en declaraciones a medios locales.<\/p>\n<p>\u00abAunque intentemos convencerlos de que despu\u00e9s de tres meses recibir\u00e1n un salario con aportes, se niegan rotundamente.\u00a0<strong>Argumentan que no pueden permitirse pasar tres meses sin su salario y que la Tarjeta Alimentaria se cancela de inmediato\u201d<\/strong>, agreg\u00f3 la productora de c\u00edtricos.<\/p>\n<h6>Cosechas: c\u00f3mo es el panorama ante la falta de mano de obra<\/h6>\n<p><strong>\u00abLa situaci\u00f3n es cr\u00edtica porque afecta a 31 complejos productivos en todo el pa\u00eds, que requieren una gran cantidad de mano de obra\u201d<\/strong>, explic\u00f3 Pablo Vernengo, director ejecutivo del sector de Econom\u00edas Regionales de la Confederaci\u00f3n Argentina de la Mediana Empresa (CAME). \u201cEstamos hablando de m\u00e1s o menos 625.000 jornales en un a\u00f1o\u201d, detall\u00f3 en di\u00e1logo con\u00a0<strong>Popular<\/strong>.<\/p>\n<p>Adem\u00e1s, Vernengo se\u00f1al\u00f3 que, en plena pandemia de coronavirus,\u00a0<strong>los planes sociales incrementaron en sus valores y se volvieron muy atractivos para este tipo de trabajador (el trabajador golondrina)<\/strong>, que por lo general trabaja entre dos y tres meses dentro de una finca, para despu\u00e9s pasar\u00e1 a otro cultivo, y as\u00ed sucesivamente. As\u00ed, durante la pandemia, muchos de estos trabajadores tomaron un plan (AUH, Potenciar Trabajo, m\u00e1s la Tarjeta Alimentar), que contaba con la cobertura del Decreto de Necesidad y Urgencia 514, de agosto de 2021, que permit\u00eda la compatibilidad de trabajo registrado y planes con la Tarjeta Alimentar.<\/p>\n<p>\u201cPero en diciembre, el Ministerio de Desarrollo Social\u00a0<strong>sac\u00f3 una resoluci\u00f3n por la cual aquellos trabajadores que ten\u00edan alg\u00fan ingreso registrado perd\u00edan la Tarjeta Alimentar.<\/strong>\u00a0Por lo tanto, a estos trabajadores, a quienes se les hab\u00eda garantizado el mantenimiento de todos los beneficios que ten\u00edan, se les quit\u00f3 uno: la Tarjeta Alimentar\u201d, indic\u00f3 Vernengo.<\/p>\n<p>Seg\u00fan el dirigente de CAME, esto caus\u00f3 un perjuicio a los trabajadores formalizados, que de un d\u00eda para el otro terminaron perdiendo $17.000 por la Tarjeta Alimentar, y ese el motivo de la negativa a aceptar trabajo registrado en la actualidad.\u00a0<strong>\u201cPara levantar las cosechas, las econom\u00edas regionales necesitan de este tipo de trabajador<\/strong>. Estamos cosechando c\u00edtricos dulces y lim\u00f3n, hortalizas, la yerba mate; ca\u00f1a de az\u00facar, en su momento. Tambi\u00e9n trajo problemas para la peras y manzanas y los sectores vitivin\u00edcola, tabacalero, oliv\u00edcola, etc\u00e9tera\u201d, enumer\u00f3 Vernengo.<\/p>\n<\/div>\n<\/article>\n","protected":false},"excerpt":{"rendered":"<p>La cosecha de c\u00edtricos y la producci\u00f3n de az\u00facar y yerba\u00a0est\u00e1n en jaque por las dificultades que enfrentan los productores<\/p>\n","protected":false},"author":1,"featured_media":3823,"comment_status":"closed","ping_status":"closed","sticky":false,"template":"","format":"standard","meta":{"footnotes":"","jetpack_publicize_message":"","jetpack_publicize_feature_enabled":true,"jetpack_social_post_already_shared":false,"jetpack_social_options":{"image_generator_settings":{"template":"highway","enabled":false},"version":2}},"categories":[3],"tags":[],"class_list":["post-3822","post","type-post","status-publish","format-standard","has-post-thumbnail","hentry","category-sociedad"],"jetpack_publicize_connections":[],"_links":{"self":[{"href":"https:\/\/diariorepublica.com.ar\/web\/index.php\/wp-json\/wp\/v2\/posts\/3822"}],"collection":[{"href":"https:\/\/diariorepublica.com.ar\/web\/index.php\/wp-json\/wp\/v2\/posts"}],"about":[{"href":"https:\/\/diariorepublica.com.ar\/web\/index.php\/wp-json\/wp\/v2\/types\/post"}],"author":[{"embeddable":true,"href":"https:\/\/diariorepublica.com.ar\/web\/index.php\/wp-json\/wp\/v2\/users\/1"}],"replies":[{"embeddable":true,"href":"https:\/\/diariorepublica.com.ar\/web\/index.php\/wp-json\/wp\/v2\/comments?post=3822"}],"version-history":[{"count":1,"href":"https:\/\/diariorepublica.com.ar\/web\/index.php\/wp-json\/wp\/v2\/posts\/3822\/revisions"}],"predecessor-version":[{"id":3824,"href":"https:\/\/diariorepublica.com.ar\/web\/index.php\/wp-json\/wp\/v2\/posts\/3822\/revisions\/3824"}],"wp:featuredmedia":[{"embeddable":true,"href":"https:\/\/diariorepublica.com.ar\/web\/index.php\/wp-json\/wp\/v2\/media\/3823"}],"wp:attachment":[{"href":"https:\/\/diariorepublica.com.ar\/web\/index.php\/wp-json\/wp\/v2\/media?parent=3822"}],"wp:term":[{"taxonomy":"category","embeddable":true,"href":"https:\/\/diariorepublica.com.ar\/web\/index.php\/wp-json\/wp\/v2\/categories?post=3822"},{"taxonomy":"post_tag","embeddable":true,"href":"https:\/\/diariorepublica.com.ar\/web\/index.php\/wp-json\/wp\/v2\/tags?post=3822"}],"curies":[{"name":"wp","href":"https:\/\/api.w.org\/{rel}","templated":true}]}}