{"id":383,"date":"2023-03-27T10:58:05","date_gmt":"2023-03-27T13:58:05","guid":{"rendered":"https:\/\/diariorepublica.com.ar\/web\/?p=383"},"modified":"2023-03-27T10:58:06","modified_gmt":"2023-03-27T13:58:06","slug":"carafea-abrira-la-temporada-2023-de-nuestras-voces","status":"publish","type":"post","link":"https:\/\/diariorepublica.com.ar\/web\/index.php\/locales\/2023\/03\/27\/carafea-abrira-la-temporada-2023-de-nuestras-voces\/","title":{"rendered":"Carafea abrir\u00e1 la temporada 2023 de \u201cNuestras Voces\u201d"},"content":{"rendered":"<p style=\"font-weight: 400;\">La Biblioteca del Senado vuelve a llenarse de m\u00fasica con una nueva temporada del ciclo cultural \u201cNuestras Voces\u201d, organizado desde la Vicegobernaci\u00f3n que conduce Rub\u00e9n Dusso, con la presencia de artistas de cada rinc\u00f3n del amplio territorio catamarque\u00f1o.<\/p>\n<p style=\"font-weight: 400;\">\n<p style=\"font-weight: 400;\">Ser\u00e1 el reconocido grupo Carafea quien, este mi\u00e9rcoles 29 de octubre a las 20.00, abrir\u00e1 con la fuerza de su sonido esta temporada 2023, que busca promover y expandir un a\u00f1o m\u00e1s el rico presente de la cultura local.<\/p>\n<p style=\"font-weight: 400;\">\n<p style=\"font-weight: 400;\">\n<p style=\"font-weight: 400;\">Sobre Nuestras Voces<\/p>\n<p style=\"font-weight: 400;\">\n<p style=\"font-weight: 400;\">El ciclo audiovisual de m\u00fasica emitido desde la Biblioteca del Senado, hace un recorrido por la cultura catamarque\u00f1a de la mano de artistas e int\u00e9rpretes que ponen de relieve la significancia que para cada uno tiene la historia y letra de la obra que elige para su presentaci\u00f3n, ya sea desde el canto, la copla, el recitado o la m\u00fasica urbana.<\/p>\n<p style=\"font-weight: 400;\">\n<p style=\"font-weight: 400;\">El proyecto producido \u00edntegramente por el equipo de Vicegobernaci\u00f3n, cuenta con representantes pertenecientes a los departamentos de la provincia, proponiendo al p\u00fablico tender un puente entre el arte y su significado, como una unidad de sentido que permite a sonido de la voz permite al sonido de la voz o el instrumento, transportar nada m\u00e1s y nada menos que las huellas de la cultura en un momento tan especial de la historia como el actual.<\/p>\n<p style=\"font-weight: 400;\">\n<p style=\"font-weight: 400;\">\n<p style=\"font-weight: 400;\">Puede disfrutarse el ciclo completo a trav\u00e9s del siguiente link:\u00a0<a href=\"https:\/\/www.youtube.com\/watch?v=zLE9j8qyEu8&amp;list=PLyZ3FFGP7kFhhcyEajAsm5bvV18WQmAJa&amp;ab_channel=SenadodeCatamarca\" data-saferedirecturl=\"https:\/\/www.google.com\/url?q=https:\/\/www.youtube.com\/watch?v%3DzLE9j8qyEu8%26list%3DPLyZ3FFGP7kFhhcyEajAsm5bvV18WQmAJa%26ab_channel%3DSenadodeCatamarca&amp;source=gmail&amp;ust=1680011833037000&amp;usg=AOvVaw3-aberHx7NQDtB938c_gPX\">https:\/\/www.youtube.com\/watch?v=zLE9j8qyEu8&amp;list=PLyZ3FFGP7kFhhcyEajAsm5bvV18WQmAJa&amp;ab_channel=SenadodeCatamarca<\/a><\/p>\n","protected":false},"excerpt":{"rendered":"<p>La Biblioteca del Senado vuelve a llenarse de m\u00fasica con una nueva temporada del ciclo cultural \u201cNuestras Voces\u201d, organizado desde<\/p>\n","protected":false},"author":1,"featured_media":384,"comment_status":"closed","ping_status":"closed","sticky":false,"template":"","format":"standard","meta":{"footnotes":"","jetpack_publicize_message":"","jetpack_publicize_feature_enabled":true,"jetpack_social_post_already_shared":false,"jetpack_social_options":{"image_generator_settings":{"template":"highway","enabled":false},"version":2}},"categories":[2],"tags":[],"class_list":["post-383","post","type-post","status-publish","format-standard","has-post-thumbnail","hentry","category-locales"],"jetpack_publicize_connections":[],"_links":{"self":[{"href":"https:\/\/diariorepublica.com.ar\/web\/index.php\/wp-json\/wp\/v2\/posts\/383"}],"collection":[{"href":"https:\/\/diariorepublica.com.ar\/web\/index.php\/wp-json\/wp\/v2\/posts"}],"about":[{"href":"https:\/\/diariorepublica.com.ar\/web\/index.php\/wp-json\/wp\/v2\/types\/post"}],"author":[{"embeddable":true,"href":"https:\/\/diariorepublica.com.ar\/web\/index.php\/wp-json\/wp\/v2\/users\/1"}],"replies":[{"embeddable":true,"href":"https:\/\/diariorepublica.com.ar\/web\/index.php\/wp-json\/wp\/v2\/comments?post=383"}],"version-history":[{"count":1,"href":"https:\/\/diariorepublica.com.ar\/web\/index.php\/wp-json\/wp\/v2\/posts\/383\/revisions"}],"predecessor-version":[{"id":385,"href":"https:\/\/diariorepublica.com.ar\/web\/index.php\/wp-json\/wp\/v2\/posts\/383\/revisions\/385"}],"wp:featuredmedia":[{"embeddable":true,"href":"https:\/\/diariorepublica.com.ar\/web\/index.php\/wp-json\/wp\/v2\/media\/384"}],"wp:attachment":[{"href":"https:\/\/diariorepublica.com.ar\/web\/index.php\/wp-json\/wp\/v2\/media?parent=383"}],"wp:term":[{"taxonomy":"category","embeddable":true,"href":"https:\/\/diariorepublica.com.ar\/web\/index.php\/wp-json\/wp\/v2\/categories?post=383"},{"taxonomy":"post_tag","embeddable":true,"href":"https:\/\/diariorepublica.com.ar\/web\/index.php\/wp-json\/wp\/v2\/tags?post=383"}],"curies":[{"name":"wp","href":"https:\/\/api.w.org\/{rel}","templated":true}]}}