{"id":3877,"date":"2023-06-12T09:38:08","date_gmt":"2023-06-12T12:38:08","guid":{"rendered":"https:\/\/diariorepublica.com.ar\/web\/?p=3877"},"modified":"2023-06-12T09:38:09","modified_gmt":"2023-06-12T12:38:09","slug":"campana-en-el-dia-mundial-del-donante-voluntario-de-sangre","status":"publish","type":"post","link":"https:\/\/diariorepublica.com.ar\/web\/index.php\/sociedad\/2023\/06\/12\/campana-en-el-dia-mundial-del-donante-voluntario-de-sangre\/","title":{"rendered":"Campa\u00f1a en el D\u00eda Mundial del Donante Voluntario de Sangre"},"content":{"rendered":"<p>El Ministerio de Salud de la provincia, a trav\u00e9s del Banco de Sangre, llevar\u00e1 a cabo una Colecta de Sangre e Inscripci\u00f3n al Registro de C\u00e9lulas Madres, en el marco del D\u00eda Mundial del Donante Voluntario de Sangre, que se conmemora el 14 de junio, bajo el lema \u201cVivimos porque t\u00fa donas\u201d. La jornada se realizar\u00e1 conjuntamente con la Facultad de Ciencias de la Salud de la UNCA, el mi\u00e9rcoles 14 de junio de 9 a 18.00, en el predio de la Facultad de Salud.<\/p>\n<p>Cada 14 de junio se conmemora el nacimiento de Karl Landsteiner pat\u00f3logo y bi\u00f3logo austr\u00edaco, que descubri\u00f3 los grupos sangu\u00edneos ABO, en este contexto se organizan colectas de sangre simult\u00e1neamente en todo el mundo.<\/p>\n<p>A trav\u00e9s de estas acciones se busca homenajear a los donantes y sensibilizar sobre la necesidad de disponer de sangre segura para quienes lo necesitan para salvar sus vidas, como forma de alentar a quienes todav\u00eda no donaron.<\/p>\n","protected":false},"excerpt":{"rendered":"<p>El Ministerio de Salud de la provincia, a trav\u00e9s del Banco de Sangre, llevar\u00e1 a cabo una Colecta de Sangre<\/p>\n","protected":false},"author":2,"featured_media":3878,"comment_status":"closed","ping_status":"closed","sticky":false,"template":"","format":"standard","meta":{"footnotes":"","jetpack_publicize_message":"","jetpack_publicize_feature_enabled":true,"jetpack_social_post_already_shared":false,"jetpack_social_options":{"image_generator_settings":{"template":"highway","enabled":false},"version":2}},"categories":[3],"tags":[],"class_list":["post-3877","post","type-post","status-publish","format-standard","has-post-thumbnail","hentry","category-sociedad"],"jetpack_publicize_connections":[],"_links":{"self":[{"href":"https:\/\/diariorepublica.com.ar\/web\/index.php\/wp-json\/wp\/v2\/posts\/3877"}],"collection":[{"href":"https:\/\/diariorepublica.com.ar\/web\/index.php\/wp-json\/wp\/v2\/posts"}],"about":[{"href":"https:\/\/diariorepublica.com.ar\/web\/index.php\/wp-json\/wp\/v2\/types\/post"}],"author":[{"embeddable":true,"href":"https:\/\/diariorepublica.com.ar\/web\/index.php\/wp-json\/wp\/v2\/users\/2"}],"replies":[{"embeddable":true,"href":"https:\/\/diariorepublica.com.ar\/web\/index.php\/wp-json\/wp\/v2\/comments?post=3877"}],"version-history":[{"count":1,"href":"https:\/\/diariorepublica.com.ar\/web\/index.php\/wp-json\/wp\/v2\/posts\/3877\/revisions"}],"predecessor-version":[{"id":3879,"href":"https:\/\/diariorepublica.com.ar\/web\/index.php\/wp-json\/wp\/v2\/posts\/3877\/revisions\/3879"}],"wp:featuredmedia":[{"embeddable":true,"href":"https:\/\/diariorepublica.com.ar\/web\/index.php\/wp-json\/wp\/v2\/media\/3878"}],"wp:attachment":[{"href":"https:\/\/diariorepublica.com.ar\/web\/index.php\/wp-json\/wp\/v2\/media?parent=3877"}],"wp:term":[{"taxonomy":"category","embeddable":true,"href":"https:\/\/diariorepublica.com.ar\/web\/index.php\/wp-json\/wp\/v2\/categories?post=3877"},{"taxonomy":"post_tag","embeddable":true,"href":"https:\/\/diariorepublica.com.ar\/web\/index.php\/wp-json\/wp\/v2\/tags?post=3877"}],"curies":[{"name":"wp","href":"https:\/\/api.w.org\/{rel}","templated":true}]}}