{"id":391,"date":"2023-03-27T11:12:47","date_gmt":"2023-03-27T14:12:47","guid":{"rendered":"https:\/\/diariorepublica.com.ar\/web\/?p=391"},"modified":"2023-03-27T11:12:48","modified_gmt":"2023-03-27T14:12:48","slug":"la-oposicion-consiguio-los-votos-para-pedir-una-sesion-especial","status":"publish","type":"post","link":"https:\/\/diariorepublica.com.ar\/web\/index.php\/politica\/2023\/03\/27\/la-oposicion-consiguio-los-votos-para-pedir-una-sesion-especial\/","title":{"rendered":"La oposici\u00f3n consigui\u00f3 los votos para pedir una sesi\u00f3n especial"},"content":{"rendered":"<p>La oposici\u00f3n en la C\u00e1mara de Diputados consigui\u00f3 las 14 adhesiones para solicitar a las autoridades del cuerpo la concreci\u00f3n de una sesi\u00f3n especial para tratar la denuncia de violencia de g\u00e9nero contra el intendente de Pom\u00e1n, Francisco Gordillo. As\u00ed lo anunci\u00f3 el diputado e impulsor de la sesi\u00f3n, Hugo \u00c1vila (Frente Amplio Catamarque\u00f1o) quien aclar\u00f3 que \u00abtoda la oposici\u00f3n acompa\u00f1a el pedido\u00bb.<\/p>\n<p>\u201cHemos conseguido dentro del arco opositor las firmas que se necesitaban para realizar una sesiona especial para tratar la violencia de g\u00e9nero que realizan distintos funcionarios del Frente de Todos en toda la provincia y en este caso Francisco Gordillo. Vamos a seguir hasta el final con este caso y vamos a seguir muy de cerca el accionar de la Justicia que siempre act\u00faa lenta y garantiza impunidad. Queremos saber que hace el fiscal Camps con este caso porque nos enteramos que a\u00fan no cit\u00f3 a declarar al principal testigo del hecho que es el propio hijo de Gordillo que relat\u00f3 c\u00f3mo fueron los hechos\u201d, dijo el diputado<\/p>\n","protected":false},"excerpt":{"rendered":"<p>La oposici\u00f3n en la C\u00e1mara de Diputados consigui\u00f3 las 14 adhesiones para solicitar a las autoridades del cuerpo la concreci\u00f3n<\/p>\n","protected":false},"author":2,"featured_media":392,"comment_status":"closed","ping_status":"closed","sticky":false,"template":"","format":"standard","meta":{"footnotes":"","jetpack_publicize_message":"","jetpack_publicize_feature_enabled":true,"jetpack_social_post_already_shared":false,"jetpack_social_options":{"image_generator_settings":{"template":"highway","enabled":false},"version":2}},"categories":[12],"tags":[],"class_list":["post-391","post","type-post","status-publish","format-standard","has-post-thumbnail","hentry","category-politica"],"jetpack_publicize_connections":[],"_links":{"self":[{"href":"https:\/\/diariorepublica.com.ar\/web\/index.php\/wp-json\/wp\/v2\/posts\/391"}],"collection":[{"href":"https:\/\/diariorepublica.com.ar\/web\/index.php\/wp-json\/wp\/v2\/posts"}],"about":[{"href":"https:\/\/diariorepublica.com.ar\/web\/index.php\/wp-json\/wp\/v2\/types\/post"}],"author":[{"embeddable":true,"href":"https:\/\/diariorepublica.com.ar\/web\/index.php\/wp-json\/wp\/v2\/users\/2"}],"replies":[{"embeddable":true,"href":"https:\/\/diariorepublica.com.ar\/web\/index.php\/wp-json\/wp\/v2\/comments?post=391"}],"version-history":[{"count":1,"href":"https:\/\/diariorepublica.com.ar\/web\/index.php\/wp-json\/wp\/v2\/posts\/391\/revisions"}],"predecessor-version":[{"id":393,"href":"https:\/\/diariorepublica.com.ar\/web\/index.php\/wp-json\/wp\/v2\/posts\/391\/revisions\/393"}],"wp:featuredmedia":[{"embeddable":true,"href":"https:\/\/diariorepublica.com.ar\/web\/index.php\/wp-json\/wp\/v2\/media\/392"}],"wp:attachment":[{"href":"https:\/\/diariorepublica.com.ar\/web\/index.php\/wp-json\/wp\/v2\/media?parent=391"}],"wp:term":[{"taxonomy":"category","embeddable":true,"href":"https:\/\/diariorepublica.com.ar\/web\/index.php\/wp-json\/wp\/v2\/categories?post=391"},{"taxonomy":"post_tag","embeddable":true,"href":"https:\/\/diariorepublica.com.ar\/web\/index.php\/wp-json\/wp\/v2\/tags?post=391"}],"curies":[{"name":"wp","href":"https:\/\/api.w.org\/{rel}","templated":true}]}}