{"id":3917,"date":"2023-06-13T10:29:00","date_gmt":"2023-06-13T13:29:00","guid":{"rendered":"https:\/\/diariorepublica.com.ar\/web\/?p=3917"},"modified":"2023-06-13T10:29:01","modified_gmt":"2023-06-13T13:29:01","slug":"javier-espinoza-se-presento-como-precandidato-a-intendente-de-valle-viejo","status":"publish","type":"post","link":"https:\/\/diariorepublica.com.ar\/web\/index.php\/politica\/2023\/06\/13\/javier-espinoza-se-presento-como-precandidato-a-intendente-de-valle-viejo\/","title":{"rendered":"Javier Espinoza se present\u00f3 como precandidato a intendente de Valle Viejo"},"content":{"rendered":"<p>El dirigente radical Javier Espinoza se suma al proyecto encabezado por Rub\u00e9n Manzi y Horacio Rodr\u00edguez Larreta. Espinoza asumir\u00e1 la precandidatura a la intendencia del municipio, poni\u00e9ndose al frente del proyecto pol\u00edtico en la localidad.<\/p>\n<p>Espinoza, convencido del potencial de Manzi como gobernador y del liderazgo de Rodr\u00edguez Larreta, busca devolverle a Catamarca y a Valle Viejo el desarrollo y el impulso que merecen. \u00abManzi es el hombre indicado para recuperar nuestra provincia y devolverle a Valle Viejo su esplendor\u00bb, expres\u00f3 Espinoza, destacando la necesidad de un cambio en el escenario pol\u00edtico actual.<\/p>\n<p>Por su parte, Rub\u00e9n Manzi agradeci\u00f3 la incorporaci\u00f3n de Espinoza al proyecto y resalt\u00f3 su larga trayectoria pol\u00edtica y su trabajo territorial en Valle Viejo. \u00abEs un dirigente con experiencia y un conocimiento profundo de la realidad local, lo cual fortalece nuestra propuesta de desarrollo para la regi\u00f3n\u00bb<\/p>\n","protected":false},"excerpt":{"rendered":"<p>El dirigente radical Javier Espinoza se suma al proyecto encabezado por Rub\u00e9n Manzi y Horacio Rodr\u00edguez Larreta. Espinoza asumir\u00e1 la<\/p>\n","protected":false},"author":2,"featured_media":3918,"comment_status":"closed","ping_status":"closed","sticky":false,"template":"","format":"standard","meta":{"footnotes":"","jetpack_publicize_message":"","jetpack_publicize_feature_enabled":true,"jetpack_social_post_already_shared":false,"jetpack_social_options":{"image_generator_settings":{"template":"highway","enabled":false},"version":2}},"categories":[12],"tags":[],"class_list":["post-3917","post","type-post","status-publish","format-standard","has-post-thumbnail","hentry","category-politica"],"jetpack_publicize_connections":[],"_links":{"self":[{"href":"https:\/\/diariorepublica.com.ar\/web\/index.php\/wp-json\/wp\/v2\/posts\/3917"}],"collection":[{"href":"https:\/\/diariorepublica.com.ar\/web\/index.php\/wp-json\/wp\/v2\/posts"}],"about":[{"href":"https:\/\/diariorepublica.com.ar\/web\/index.php\/wp-json\/wp\/v2\/types\/post"}],"author":[{"embeddable":true,"href":"https:\/\/diariorepublica.com.ar\/web\/index.php\/wp-json\/wp\/v2\/users\/2"}],"replies":[{"embeddable":true,"href":"https:\/\/diariorepublica.com.ar\/web\/index.php\/wp-json\/wp\/v2\/comments?post=3917"}],"version-history":[{"count":1,"href":"https:\/\/diariorepublica.com.ar\/web\/index.php\/wp-json\/wp\/v2\/posts\/3917\/revisions"}],"predecessor-version":[{"id":3919,"href":"https:\/\/diariorepublica.com.ar\/web\/index.php\/wp-json\/wp\/v2\/posts\/3917\/revisions\/3919"}],"wp:featuredmedia":[{"embeddable":true,"href":"https:\/\/diariorepublica.com.ar\/web\/index.php\/wp-json\/wp\/v2\/media\/3918"}],"wp:attachment":[{"href":"https:\/\/diariorepublica.com.ar\/web\/index.php\/wp-json\/wp\/v2\/media?parent=3917"}],"wp:term":[{"taxonomy":"category","embeddable":true,"href":"https:\/\/diariorepublica.com.ar\/web\/index.php\/wp-json\/wp\/v2\/categories?post=3917"},{"taxonomy":"post_tag","embeddable":true,"href":"https:\/\/diariorepublica.com.ar\/web\/index.php\/wp-json\/wp\/v2\/tags?post=3917"}],"curies":[{"name":"wp","href":"https:\/\/api.w.org\/{rel}","templated":true}]}}