{"id":3993,"date":"2023-06-15T07:52:00","date_gmt":"2023-06-15T10:52:00","guid":{"rendered":"https:\/\/diariorepublica.com.ar\/web\/?p=3993"},"modified":"2023-06-15T07:53:50","modified_gmt":"2023-06-15T10:53:50","slug":"noche-de-los-paseos-edicion-dia-del-padre","status":"publish","type":"post","link":"https:\/\/diariorepublica.com.ar\/web\/index.php\/locales\/2023\/06\/15\/noche-de-los-paseos-edicion-dia-del-padre\/","title":{"rendered":"Noche de los Paseos \u2013 Edici\u00f3n D\u00eda del Padre"},"content":{"rendered":"<p>Este s\u00e1bado se llevar\u00e1 a cabo la 7ma. edici\u00f3n de la Noche de los Paseos -Edici\u00f3n D\u00eda del Padre. Un evento para toda la familia que contar\u00e1 con SORTEOS, shows en vivo, juegos infantiles, juegos de kerm\u00e9s y mucho m\u00e1s.<\/p>\n<p>Organizada por la Secretar\u00eda de Turismo y Desarrollo Econ\u00f3mico, en conjunto con la Uni\u00f3n Comercial, la Noche de los Paseos es una excelente oportunidad para disfrutar en la previa del d\u00eda del padre y desarrollar\u00e1 en Plaza La Alameda entre las 17 y 21 horas.<\/p>\n<p>Ser\u00e1n 250 comercios y 140 emprendedores que formar\u00e1n parte del evento. Adem\u00e1s se podr\u00e1 disfrutar de artistas como Calibre, Goldstar, La Tienda y Mariel. Tambi\u00e9n se realizar\u00e1 el desfile de modelos Alto Invierno a cargo de NG Models y se instalar\u00e1 una plataforma 360.\u00a0Habr\u00e1 sorteos tanto para el p\u00fablico en general como para los comercios y emprendedores.<\/p>\n<p><strong>Cronograma\u00a0<\/strong><\/p>\n<p>17:15 Coreo de apertura \u2013 La Tienda<br \/>\n17:30 Show GoldStar<br \/>\n18:00 hs. Desfile modelos primera parte<br \/>\n18:30 Show de Mariel<br \/>\n19:00 Desfile modelos segunda parte<br \/>\n19:30 Coreo La Tienda<br \/>\n20:00 Desfile modelos tercera parte<br \/>\n20:25 Show Calibre<br \/>\n21:00 SORTEOS<br \/>\n\u2022 Sorteo REDES<br \/>\n\u2022 Sorteo Participantes<br \/>\n\u2022 Sorteo Final P\u00fablico.<br \/>\n21:10 Despedida con globos.<\/p>\n","protected":false},"excerpt":{"rendered":"<p>Este s\u00e1bado se llevar\u00e1 a cabo la 7ma. edici\u00f3n de la Noche de los Paseos -Edici\u00f3n D\u00eda del Padre. Un<\/p>\n","protected":false},"author":1,"featured_media":3994,"comment_status":"closed","ping_status":"closed","sticky":false,"template":"","format":"standard","meta":{"footnotes":"","jetpack_publicize_message":"","jetpack_publicize_feature_enabled":true,"jetpack_social_post_already_shared":false,"jetpack_social_options":{"image_generator_settings":{"template":"highway","enabled":false},"version":2}},"categories":[2],"tags":[],"class_list":["post-3993","post","type-post","status-publish","format-standard","has-post-thumbnail","hentry","category-locales"],"jetpack_publicize_connections":[],"_links":{"self":[{"href":"https:\/\/diariorepublica.com.ar\/web\/index.php\/wp-json\/wp\/v2\/posts\/3993"}],"collection":[{"href":"https:\/\/diariorepublica.com.ar\/web\/index.php\/wp-json\/wp\/v2\/posts"}],"about":[{"href":"https:\/\/diariorepublica.com.ar\/web\/index.php\/wp-json\/wp\/v2\/types\/post"}],"author":[{"embeddable":true,"href":"https:\/\/diariorepublica.com.ar\/web\/index.php\/wp-json\/wp\/v2\/users\/1"}],"replies":[{"embeddable":true,"href":"https:\/\/diariorepublica.com.ar\/web\/index.php\/wp-json\/wp\/v2\/comments?post=3993"}],"version-history":[{"count":1,"href":"https:\/\/diariorepublica.com.ar\/web\/index.php\/wp-json\/wp\/v2\/posts\/3993\/revisions"}],"predecessor-version":[{"id":3995,"href":"https:\/\/diariorepublica.com.ar\/web\/index.php\/wp-json\/wp\/v2\/posts\/3993\/revisions\/3995"}],"wp:featuredmedia":[{"embeddable":true,"href":"https:\/\/diariorepublica.com.ar\/web\/index.php\/wp-json\/wp\/v2\/media\/3994"}],"wp:attachment":[{"href":"https:\/\/diariorepublica.com.ar\/web\/index.php\/wp-json\/wp\/v2\/media?parent=3993"}],"wp:term":[{"taxonomy":"category","embeddable":true,"href":"https:\/\/diariorepublica.com.ar\/web\/index.php\/wp-json\/wp\/v2\/categories?post=3993"},{"taxonomy":"post_tag","embeddable":true,"href":"https:\/\/diariorepublica.com.ar\/web\/index.php\/wp-json\/wp\/v2\/tags?post=3993"}],"curies":[{"name":"wp","href":"https:\/\/api.w.org\/{rel}","templated":true}]}}