{"id":4120,"date":"2023-06-16T12:22:07","date_gmt":"2023-06-16T15:22:07","guid":{"rendered":"https:\/\/diariorepublica.com.ar\/web\/?p=4120"},"modified":"2023-06-16T12:22:08","modified_gmt":"2023-06-16T15:22:08","slug":"protesta-y-corte-de-ruta-por-parte-de-vecinos-en-fiambala","status":"publish","type":"post","link":"https:\/\/diariorepublica.com.ar\/web\/index.php\/sociedad\/2023\/06\/16\/protesta-y-corte-de-ruta-por-parte-de-vecinos-en-fiambala\/","title":{"rendered":"Protesta y corte de ruta por parte de vecinos en Fiambal\u00e1"},"content":{"rendered":"<p>Cientos de vecinos que solicitan el otorgamiento de terrenos que ser\u00edan fiscales, ubicados estos al margen de la Ruta Nacional N\u00b0 60 que conduce al Paso de San Francisco, realizan un corte de ruta en reclamo a la falta de repuestas por parte de autoridades y organismos gubernamentales. Los manifestantes exigen la entrega de las parcelas que ya fueron demarcadas por los propios solicitantes a pocos kil\u00f3metros de donde se erige el Parque Industrial de Fiambal\u00e1.<\/p>\n<p>De acuerdo a lo informado por Multimedios Abauc\u00e1n, en la actualidad ya ser\u00edan cerca de dos centenares de familias que demarcaron y se aprontan a instalarse en el lugar, y expresan la fuerte decisi\u00f3n de no ceder ni moverse de ese lugar, manteniendo la fuerte decisi\u00f3n de llegar hasta ls \u00faltimos recursos del reclamo.<\/p>\n<p>Los manifestantes solicitan al se\u00f1or Gobernador Ra\u00fal Jalil \u2013aprovechando su presencia en Fiambal\u00e1- que se haga presente en el lugar y se comprometa con los cientos de personas que piden por un terreno para construir sus propias casas.<\/p>\n<p>\u201cSomos familias enteras y la gran mayor\u00eda nativos de Fiambal\u00e1 que pedimos la oportunidad de tener un terreno propio, aunque lo tengamos que pagar, y as\u00ed construir nuestros hogares. Muchos de nosotros vivimos en casas prestadas o alquiladas. Sabemos de qu\u00e9 a muchas empresas de gran poder econ\u00f3mico les cedieron terrenos fiscales, es por eso que nosotros como fiambalenses, exigimos una parcela y una oportunidad\u00bb indicaron el medio fiambalense. Agregando que \u201cnosotros queremos darle una utilidad a los terrenos y que Fiambal\u00e1 siga creciendo. Aqu\u00ed estaremos vamos a estar hasta lo \u00faltimo y nadie nos podr\u00e1 sacar de donde consideramos como un lugar propio\u201d.<\/p>\n<p>GENTILEZA MULTIMEDIOS ABAUCAN<\/p>\n","protected":false},"excerpt":{"rendered":"<p>Cientos de vecinos que solicitan el otorgamiento de terrenos que ser\u00edan fiscales, ubicados estos al margen de la Ruta Nacional<\/p>\n","protected":false},"author":2,"featured_media":4121,"comment_status":"closed","ping_status":"closed","sticky":false,"template":"","format":"standard","meta":{"footnotes":"","jetpack_publicize_message":"","jetpack_publicize_feature_enabled":true,"jetpack_social_post_already_shared":false,"jetpack_social_options":{"image_generator_settings":{"template":"highway","enabled":false},"version":2}},"categories":[3],"tags":[],"class_list":["post-4120","post","type-post","status-publish","format-standard","has-post-thumbnail","hentry","category-sociedad"],"jetpack_publicize_connections":[],"_links":{"self":[{"href":"https:\/\/diariorepublica.com.ar\/web\/index.php\/wp-json\/wp\/v2\/posts\/4120"}],"collection":[{"href":"https:\/\/diariorepublica.com.ar\/web\/index.php\/wp-json\/wp\/v2\/posts"}],"about":[{"href":"https:\/\/diariorepublica.com.ar\/web\/index.php\/wp-json\/wp\/v2\/types\/post"}],"author":[{"embeddable":true,"href":"https:\/\/diariorepublica.com.ar\/web\/index.php\/wp-json\/wp\/v2\/users\/2"}],"replies":[{"embeddable":true,"href":"https:\/\/diariorepublica.com.ar\/web\/index.php\/wp-json\/wp\/v2\/comments?post=4120"}],"version-history":[{"count":1,"href":"https:\/\/diariorepublica.com.ar\/web\/index.php\/wp-json\/wp\/v2\/posts\/4120\/revisions"}],"predecessor-version":[{"id":4122,"href":"https:\/\/diariorepublica.com.ar\/web\/index.php\/wp-json\/wp\/v2\/posts\/4120\/revisions\/4122"}],"wp:featuredmedia":[{"embeddable":true,"href":"https:\/\/diariorepublica.com.ar\/web\/index.php\/wp-json\/wp\/v2\/media\/4121"}],"wp:attachment":[{"href":"https:\/\/diariorepublica.com.ar\/web\/index.php\/wp-json\/wp\/v2\/media?parent=4120"}],"wp:term":[{"taxonomy":"category","embeddable":true,"href":"https:\/\/diariorepublica.com.ar\/web\/index.php\/wp-json\/wp\/v2\/categories?post=4120"},{"taxonomy":"post_tag","embeddable":true,"href":"https:\/\/diariorepublica.com.ar\/web\/index.php\/wp-json\/wp\/v2\/tags?post=4120"}],"curies":[{"name":"wp","href":"https:\/\/api.w.org\/{rel}","templated":true}]}}