{"id":4160,"date":"2023-06-21T09:46:10","date_gmt":"2023-06-21T12:46:10","guid":{"rendered":"https:\/\/diariorepublica.com.ar\/web\/?p=4160"},"modified":"2023-06-21T09:46:11","modified_gmt":"2023-06-21T12:46:11","slug":"incidentes-en-jujuy-utilizan-politicamente-a-los-pueblos-originarios","status":"publish","type":"post","link":"https:\/\/diariorepublica.com.ar\/web\/index.php\/politica\/2023\/06\/21\/incidentes-en-jujuy-utilizan-politicamente-a-los-pueblos-originarios\/","title":{"rendered":"Incidentes en Jujuy: \u00abUtilizan pol\u00edticamente a los pueblos originarios\u00bb"},"content":{"rendered":"<p>El Comit\u00e9 Capital de la Uni\u00f3n C\u00edvica Radical de Catamarca se expres\u00f3 ante los pol\u00e9micos incidentes que se registran en la vecina provincia de Jujuy. En un comunicado difundido a trav\u00e9s de redes, el Comit\u00e9 sali\u00f3 en defensa del gobernador juje\u00f1o y denunci\u00f3 que los hechos de violencia son \u201cataques organizados\u201d para atacar la gesti\u00f3n de Gerardo Morales.<\/p>\n<p>\u00abEn nombre del respeto al estado de derecho y a la democracia, expresamos nuestro m\u00e1s en\u00e9rgico repudio a los ataques organizados que est\u00e1n siendo perpetrados, utilizando pol\u00edticamente a los pueblos originarios de Jujuy en contra de la Administraci\u00f3n de Gerardo Morales\u00bb apunta el comunicado.<\/p>\n<p>En este sentido, apuntaron: \u00abEs inaceptable que se manipule a comunidades enteras para generar conflicto y rechazo hacia el Gobierno, en vez de fomentar espacios de di\u00e1logo y debate constructivo para encontrar soluciones justas y sostenibles a las demandas leg\u00edtimas\u00bb.<\/p>\n","protected":false},"excerpt":{"rendered":"<p>El Comit\u00e9 Capital de la Uni\u00f3n C\u00edvica Radical de Catamarca se expres\u00f3 ante los pol\u00e9micos incidentes que se registran en<\/p>\n","protected":false},"author":2,"featured_media":4161,"comment_status":"closed","ping_status":"closed","sticky":false,"template":"","format":"standard","meta":{"footnotes":"","jetpack_publicize_message":"","jetpack_publicize_feature_enabled":true,"jetpack_social_post_already_shared":false,"jetpack_social_options":{"image_generator_settings":{"template":"highway","enabled":false},"version":2}},"categories":[12],"tags":[],"class_list":["post-4160","post","type-post","status-publish","format-standard","has-post-thumbnail","hentry","category-politica"],"jetpack_publicize_connections":[],"_links":{"self":[{"href":"https:\/\/diariorepublica.com.ar\/web\/index.php\/wp-json\/wp\/v2\/posts\/4160"}],"collection":[{"href":"https:\/\/diariorepublica.com.ar\/web\/index.php\/wp-json\/wp\/v2\/posts"}],"about":[{"href":"https:\/\/diariorepublica.com.ar\/web\/index.php\/wp-json\/wp\/v2\/types\/post"}],"author":[{"embeddable":true,"href":"https:\/\/diariorepublica.com.ar\/web\/index.php\/wp-json\/wp\/v2\/users\/2"}],"replies":[{"embeddable":true,"href":"https:\/\/diariorepublica.com.ar\/web\/index.php\/wp-json\/wp\/v2\/comments?post=4160"}],"version-history":[{"count":1,"href":"https:\/\/diariorepublica.com.ar\/web\/index.php\/wp-json\/wp\/v2\/posts\/4160\/revisions"}],"predecessor-version":[{"id":4162,"href":"https:\/\/diariorepublica.com.ar\/web\/index.php\/wp-json\/wp\/v2\/posts\/4160\/revisions\/4162"}],"wp:featuredmedia":[{"embeddable":true,"href":"https:\/\/diariorepublica.com.ar\/web\/index.php\/wp-json\/wp\/v2\/media\/4161"}],"wp:attachment":[{"href":"https:\/\/diariorepublica.com.ar\/web\/index.php\/wp-json\/wp\/v2\/media?parent=4160"}],"wp:term":[{"taxonomy":"category","embeddable":true,"href":"https:\/\/diariorepublica.com.ar\/web\/index.php\/wp-json\/wp\/v2\/categories?post=4160"},{"taxonomy":"post_tag","embeddable":true,"href":"https:\/\/diariorepublica.com.ar\/web\/index.php\/wp-json\/wp\/v2\/tags?post=4160"}],"curies":[{"name":"wp","href":"https:\/\/api.w.org\/{rel}","templated":true}]}}